{"id":4590,"date":"2020-03-22T23:33:27","date_gmt":"2020-03-22T22:33:27","guid":{"rendered":"\/es\/?p=4590"},"modified":"2020-05-08T15:47:38","modified_gmt":"2020-05-08T15:47:38","slug":"mantenimiento-electronico-ciclo-formativo-que-se-ha-adaptado-de-forma-muy-natural-la-nueva-situacion","status":"publish","type":"post","link":"https:\/\/armeriaeskola.eus\/es\/mantenimiento-electronico-ciclo-formativo-que-se-ha-adaptado-de-forma-muy-natural-la-nueva-situacion\/","title":{"rendered":"Mantenimiento Electr\u00f3nico, ciclo formativo que se ha adaptado de forma muy natural a la nueva situaci\u00f3n"},"content":{"rendered":"<p>Al igual que otros centros educativos de Formaci\u00f3n Profesional, Armeria Eskola est\u00e1 inmersa en un proceso de adaptaci\u00f3n a la nueva situaci\u00f3n, y en este sentido es de destacar el compromiso de todo su profesorado. Hay que reconocer que este cambio no es nada f\u00e1cil, principalmente porque hay actividades pr\u00e1cticas que forzosamente han de realizarse en el taller. De todas formas, la mayor\u00eda de los ciclos se han adaptado de forma muy natural al nuevo escenario, sobre todo porque previamente estaban ya experimentados en la digitalizaci\u00f3n y en el uso de las herramientas TIC, es el caso del ciclo de grado superior de <strong>Mantenimiento Electr\u00f3nico<\/strong>.<\/p>\n<p>Seg\u00fan <strong>Joseba Etxaniz<\/strong>, profesor de dicho ciclo, todo el alumnado dispone de port\u00e1tiles, y aunque en un principio uno de ellos no pod\u00eda conectarse, enseguida solucionaron el problema. Establecieron como canal de comunicaci\u00f3n oficial el Gmail, realizan videoconferencias todos los diarias y para mantener una relaci\u00f3n m\u00e1s directa con el alumnado han creado un grupo de Telegram y utilizan la aplicaci\u00f3n Kahoot.<\/p>\n<p>Estos d\u00edas est\u00e1n impartiendo el curso de Arduino, que previamente lo ten\u00edan desarrollado en la plataforma Moodle del centro, por lo que no se les ha hecho dif\u00edcil el adecuarlo a la nueva situaci\u00f3n.\u00a0 Principalmente realizan ejercicios de programaci\u00f3n, que se corrigen con la mayor brevedad posible y se recogen el mayor n\u00famero de evidencias posibles, tales como: la participaci\u00f3n en videoconferencias, la entrega en plazo de los ejercicios\u2026<\/p>\n<p>En opini\u00f3n de Joseba todav\u00eda es pronto para conocer la valoraci\u00f3n de los alumnos, pero el equipo docente est\u00e1 satisfecho con la din\u00e1mica establecida y aunque reconocen que el tema del Arduino les ha ayudado en el proceso de adaptaci\u00f3n, est\u00e1n convencidos de que seguir\u00e1n trabajando igual de bien los temas que restan.<\/p>\n<p><iframe loading=\"lazy\" title=\"Mantenimiento electr\u00f3nico\" width=\"640\" height=\"360\" src=\"https:\/\/www.youtube.com\/embed\/yk7RyD62vVA?feature=oembed\" frameborder=\"0\" allow=\"accelerometer; autoplay; clipboard-write; encrypted-media; gyroscope; picture-in-picture; web-share\" referrerpolicy=\"strict-origin-when-cross-origin\" allowfullscreen><\/iframe><\/p>\n","protected":false},"excerpt":{"rendered":"<p>Al igual que otros centros educativos de Formaci\u00f3n Profesional, Armeria Eskola est\u00e1 inmersa en un proceso de adaptaci\u00f3n a la nueva situaci\u00f3n, y en este sentido es de destacar el compromiso de todo su profesorado. Hay que reconocer que este &hellip; <\/p>\n","protected":false},"author":6,"featured_media":4591,"comment_status":"closed","ping_status":"closed","sticky":false,"template":"","format":"standard","meta":{"_acf_changed":false,"rs_blank_template":"","rs_page_bg_color":"","slide_template_v7":"","footnotes":""},"categories":[215],"tags":[],"class_list":["post-4590","post","type-post","status-publish","format-standard","has-post-thumbnail","hentry","category-noticias-ae"],"acf":[],"yoast_head":"<!-- This site is optimized with the Yoast SEO plugin v27.4 - https:\/\/yoast.com\/product\/yoast-seo-wordpress\/ -->\n<title>Mantenimiento Electr\u00f3nico, ciclo formativo que se ha adaptado de forma muy natural a la nueva situaci\u00f3n - Armeria Eskola<\/title>\n<meta name=\"robots\" content=\"index, follow, max-snippet:-1, max-image-preview:large, max-video-preview:-1\" \/>\n<link rel=\"canonical\" href=\"https:\/\/armeriaeskola.eus\/es\/mantenimiento-electronico-ciclo-formativo-que-se-ha-adaptado-de-forma-muy-natural-la-nueva-situacion\/\" \/>\n<meta property=\"og:locale\" content=\"es_ES\" \/>\n<meta property=\"og:type\" content=\"article\" \/>\n<meta property=\"og:title\" content=\"Mantenimiento Electr\u00f3nico, ciclo formativo que se ha adaptado de forma muy natural a la nueva situaci\u00f3n - Armeria Eskola\" \/>\n<meta property=\"og:description\" content=\"Al igual que otros centros educativos de Formaci\u00f3n Profesional, Armeria Eskola est\u00e1 inmersa en un proceso de adaptaci\u00f3n a la nueva situaci\u00f3n, y en este sentido es de destacar el compromiso de todo su profesorado. Hay que reconocer que este &hellip;\" \/>\n<meta property=\"og:url\" content=\"https:\/\/armeriaeskola.eus\/es\/mantenimiento-electronico-ciclo-formativo-que-se-ha-adaptado-de-forma-muy-natural-la-nueva-situacion\/\" \/>\n<meta property=\"og:site_name\" content=\"Armeria Eskola\" \/>\n<meta property=\"article:publisher\" content=\"https:\/\/www.facebook.com\/armeriaeskola\" \/>\n<meta property=\"article:published_time\" content=\"2020-03-22T22:33:27+00:00\" \/>\n<meta property=\"article:modified_time\" content=\"2020-05-08T15:47:38+00:00\" \/>\n<meta property=\"og:image\" content=\"https:\/\/armeriaeskola.eus\/wp-content\/uploads\/2020\/03\/ElekEsp3-1-scaled.jpg\" \/>\n\t<meta property=\"og:image:width\" content=\"2560\" \/>\n\t<meta property=\"og:image:height\" content=\"1707\" \/>\n\t<meta property=\"og:image:type\" content=\"image\/jpeg\" \/>\n<meta name=\"author\" content=\"Administratzailea\" \/>\n<meta name=\"twitter:card\" content=\"summary_large_image\" \/>\n<meta name=\"twitter:creator\" content=\"@ArmeriaEskola\" \/>\n<meta name=\"twitter:site\" content=\"@ArmeriaEskola\" \/>\n<meta name=\"twitter:label1\" content=\"Escrito por\" \/>\n\t<meta name=\"twitter:data1\" content=\"Administratzailea\" \/>\n\t<meta name=\"twitter:label2\" content=\"Tiempo de lectura\" \/>\n\t<meta name=\"twitter:data2\" content=\"2 minutos\" \/>\n<script type=\"application\/ld+json\" class=\"yoast-schema-graph\">{\"@context\":\"https:\\\/\\\/schema.org\",\"@graph\":[{\"@type\":\"Article\",\"@id\":\"https:\\\/\\\/armeriaeskola.eus\\\/es\\\/mantenimiento-electronico-ciclo-formativo-que-se-ha-adaptado-de-forma-muy-natural-la-nueva-situacion\\\/#article\",\"isPartOf\":{\"@id\":\"https:\\\/\\\/armeriaeskola.eus\\\/es\\\/mantenimiento-electronico-ciclo-formativo-que-se-ha-adaptado-de-forma-muy-natural-la-nueva-situacion\\\/\"},\"author\":{\"name\":\"Administratzailea\",\"@id\":\"https:\\\/\\\/armeriaeskola.eus\\\/#\\\/schema\\\/person\\\/556cc6ece953729a0ba6f78b66e54fc9\"},\"headline\":\"Mantenimiento Electr\u00f3nico, ciclo formativo que se ha adaptado de forma muy natural a la nueva situaci\u00f3n\",\"datePublished\":\"2020-03-22T22:33:27+00:00\",\"dateModified\":\"2020-05-08T15:47:38+00:00\",\"mainEntityOfPage\":{\"@id\":\"https:\\\/\\\/armeriaeskola.eus\\\/es\\\/mantenimiento-electronico-ciclo-formativo-que-se-ha-adaptado-de-forma-muy-natural-la-nueva-situacion\\\/\"},\"wordCount\":345,\"publisher\":{\"@id\":\"https:\\\/\\\/armeriaeskola.eus\\\/#organization\"},\"image\":{\"@id\":\"https:\\\/\\\/armeriaeskola.eus\\\/es\\\/mantenimiento-electronico-ciclo-formativo-que-se-ha-adaptado-de-forma-muy-natural-la-nueva-situacion\\\/#primaryimage\"},\"thumbnailUrl\":\"https:\\\/\\\/armeriaeskola.eus\\\/wp-content\\\/uploads\\\/2020\\\/03\\\/ElekEsp3-1-scaled.jpg\",\"articleSection\":[\"Noticias-AE\"],\"inLanguage\":\"es\"},{\"@type\":\"WebPage\",\"@id\":\"https:\\\/\\\/armeriaeskola.eus\\\/es\\\/mantenimiento-electronico-ciclo-formativo-que-se-ha-adaptado-de-forma-muy-natural-la-nueva-situacion\\\/\",\"url\":\"https:\\\/\\\/armeriaeskola.eus\\\/es\\\/mantenimiento-electronico-ciclo-formativo-que-se-ha-adaptado-de-forma-muy-natural-la-nueva-situacion\\\/\",\"name\":\"Mantenimiento Electr\u00f3nico, ciclo formativo que se ha adaptado de forma muy natural a la nueva situaci\u00f3n - Armeria Eskola\",\"isPartOf\":{\"@id\":\"https:\\\/\\\/armeriaeskola.eus\\\/#website\"},\"primaryImageOfPage\":{\"@id\":\"https:\\\/\\\/armeriaeskola.eus\\\/es\\\/mantenimiento-electronico-ciclo-formativo-que-se-ha-adaptado-de-forma-muy-natural-la-nueva-situacion\\\/#primaryimage\"},\"image\":{\"@id\":\"https:\\\/\\\/armeriaeskola.eus\\\/es\\\/mantenimiento-electronico-ciclo-formativo-que-se-ha-adaptado-de-forma-muy-natural-la-nueva-situacion\\\/#primaryimage\"},\"thumbnailUrl\":\"https:\\\/\\\/armeriaeskola.eus\\\/wp-content\\\/uploads\\\/2020\\\/03\\\/ElekEsp3-1-scaled.jpg\",\"datePublished\":\"2020-03-22T22:33:27+00:00\",\"dateModified\":\"2020-05-08T15:47:38+00:00\",\"breadcrumb\":{\"@id\":\"https:\\\/\\\/armeriaeskola.eus\\\/es\\\/mantenimiento-electronico-ciclo-formativo-que-se-ha-adaptado-de-forma-muy-natural-la-nueva-situacion\\\/#breadcrumb\"},\"inLanguage\":\"es\",\"potentialAction\":[{\"@type\":\"ReadAction\",\"target\":[\"https:\\\/\\\/armeriaeskola.eus\\\/es\\\/mantenimiento-electronico-ciclo-formativo-que-se-ha-adaptado-de-forma-muy-natural-la-nueva-situacion\\\/\"]}]},{\"@type\":\"ImageObject\",\"inLanguage\":\"es\",\"@id\":\"https:\\\/\\\/armeriaeskola.eus\\\/es\\\/mantenimiento-electronico-ciclo-formativo-que-se-ha-adaptado-de-forma-muy-natural-la-nueva-situacion\\\/#primaryimage\",\"url\":\"https:\\\/\\\/armeriaeskola.eus\\\/wp-content\\\/uploads\\\/2020\\\/03\\\/ElekEsp3-1-scaled.jpg\",\"contentUrl\":\"https:\\\/\\\/armeriaeskola.eus\\\/wp-content\\\/uploads\\\/2020\\\/03\\\/ElekEsp3-1-scaled.jpg\",\"width\":2560,\"height\":1707},{\"@type\":\"BreadcrumbList\",\"@id\":\"https:\\\/\\\/armeriaeskola.eus\\\/es\\\/mantenimiento-electronico-ciclo-formativo-que-se-ha-adaptado-de-forma-muy-natural-la-nueva-situacion\\\/#breadcrumb\",\"itemListElement\":[{\"@type\":\"ListItem\",\"position\":1,\"name\":\"Portada\",\"item\":\"https:\\\/\\\/armeriaeskola.eus\\\/es\\\/\"},{\"@type\":\"ListItem\",\"position\":2,\"name\":\"Mantenimiento Electr\u00f3nico, ciclo formativo que se ha adaptado de forma muy natural a la nueva situaci\u00f3n\"}]},{\"@type\":\"WebSite\",\"@id\":\"https:\\\/\\\/armeriaeskola.eus\\\/#website\",\"url\":\"https:\\\/\\\/armeriaeskola.eus\\\/\",\"name\":\"Armeria Eskola\",\"description\":\"Centro Integral P\u00fablico de Formaci\u00f3n Profesional\",\"publisher\":{\"@id\":\"https:\\\/\\\/armeriaeskola.eus\\\/#organization\"},\"potentialAction\":[{\"@type\":\"SearchAction\",\"target\":{\"@type\":\"EntryPoint\",\"urlTemplate\":\"https:\\\/\\\/armeriaeskola.eus\\\/?s={search_term_string}\"},\"query-input\":{\"@type\":\"PropertyValueSpecification\",\"valueRequired\":true,\"valueName\":\"search_term_string\"}}],\"inLanguage\":\"es\"},{\"@type\":\"Organization\",\"@id\":\"https:\\\/\\\/armeriaeskola.eus\\\/#organization\",\"name\":\"Armeria Eskola\",\"url\":\"https:\\\/\\\/armeriaeskola.eus\\\/\",\"logo\":{\"@type\":\"ImageObject\",\"inLanguage\":\"es\",\"@id\":\"https:\\\/\\\/armeriaeskola.eus\\\/#\\\/schema\\\/logo\\\/image\\\/\",\"url\":\"https:\\\/\\\/armeriaeskola.eus\\\/wp-content\\\/uploads\\\/armeria-eskola-youtube1.jpg\",\"contentUrl\":\"https:\\\/\\\/armeriaeskola.eus\\\/wp-content\\\/uploads\\\/armeria-eskola-youtube1.jpg\",\"width\":1000,\"height\":501,\"caption\":\"Armeria Eskola\"},\"image\":{\"@id\":\"https:\\\/\\\/armeriaeskola.eus\\\/#\\\/schema\\\/logo\\\/image\\\/\"},\"sameAs\":[\"https:\\\/\\\/www.facebook.com\\\/armeriaeskola\",\"https:\\\/\\\/x.com\\\/ArmeriaEskola\",\"https:\\\/\\\/www.instagram.com\\\/armeriaeskola\\\/\",\"https:\\\/\\\/www.linkedin.com\\\/company\\\/asociaciondearmeriaeskola\\\/\",\"https:\\\/\\\/www.youtube.com\\\/user\\\/100armeriaeskola\"]},{\"@type\":\"Person\",\"@id\":\"https:\\\/\\\/armeriaeskola.eus\\\/#\\\/schema\\\/person\\\/556cc6ece953729a0ba6f78b66e54fc9\",\"name\":\"Administratzailea\",\"image\":{\"@type\":\"ImageObject\",\"inLanguage\":\"es\",\"@id\":\"https:\\\/\\\/secure.gravatar.com\\\/avatar\\\/8b2e098c27974ed137406b913c3d1ad97e377132fd5a6545df4ff35523a1f3c9?s=96&d=mm&r=g\",\"url\":\"https:\\\/\\\/secure.gravatar.com\\\/avatar\\\/8b2e098c27974ed137406b913c3d1ad97e377132fd5a6545df4ff35523a1f3c9?s=96&d=mm&r=g\",\"contentUrl\":\"https:\\\/\\\/secure.gravatar.com\\\/avatar\\\/8b2e098c27974ed137406b913c3d1ad97e377132fd5a6545df4ff35523a1f3c9?s=96&d=mm&r=g\",\"caption\":\"Administratzailea\"}}]}<\/script>\n<!-- \/ Yoast SEO plugin. -->","yoast_head_json":{"title":"Mantenimiento Electr\u00f3nico, ciclo formativo que se ha adaptado de forma muy natural a la nueva situaci\u00f3n - Armeria Eskola","robots":{"index":"index","follow":"follow","max-snippet":"max-snippet:-1","max-image-preview":"max-image-preview:large","max-video-preview":"max-video-preview:-1"},"canonical":"https:\/\/armeriaeskola.eus\/es\/mantenimiento-electronico-ciclo-formativo-que-se-ha-adaptado-de-forma-muy-natural-la-nueva-situacion\/","og_locale":"es_ES","og_type":"article","og_title":"Mantenimiento Electr\u00f3nico, ciclo formativo que se ha adaptado de forma muy natural a la nueva situaci\u00f3n - Armeria Eskola","og_description":"Al igual que otros centros educativos de Formaci\u00f3n Profesional, Armeria Eskola est\u00e1 inmersa en un proceso de adaptaci\u00f3n a la nueva situaci\u00f3n, y en este sentido es de destacar el compromiso de todo su profesorado. Hay que reconocer que este &hellip;","og_url":"https:\/\/armeriaeskola.eus\/es\/mantenimiento-electronico-ciclo-formativo-que-se-ha-adaptado-de-forma-muy-natural-la-nueva-situacion\/","og_site_name":"Armeria Eskola","article_publisher":"https:\/\/www.facebook.com\/armeriaeskola","article_published_time":"2020-03-22T22:33:27+00:00","article_modified_time":"2020-05-08T15:47:38+00:00","og_image":[{"width":2560,"height":1707,"url":"https:\/\/armeriaeskola.eus\/wp-content\/uploads\/2020\/03\/ElekEsp3-1-scaled.jpg","type":"image\/jpeg"}],"author":"Administratzailea","twitter_card":"summary_large_image","twitter_creator":"@ArmeriaEskola","twitter_site":"@ArmeriaEskola","twitter_misc":{"Escrito por":"Administratzailea","Tiempo de lectura":"2 minutos"},"schema":{"@context":"https:\/\/schema.org","@graph":[{"@type":"Article","@id":"https:\/\/armeriaeskola.eus\/es\/mantenimiento-electronico-ciclo-formativo-que-se-ha-adaptado-de-forma-muy-natural-la-nueva-situacion\/#article","isPartOf":{"@id":"https:\/\/armeriaeskola.eus\/es\/mantenimiento-electronico-ciclo-formativo-que-se-ha-adaptado-de-forma-muy-natural-la-nueva-situacion\/"},"author":{"name":"Administratzailea","@id":"https:\/\/armeriaeskola.eus\/#\/schema\/person\/556cc6ece953729a0ba6f78b66e54fc9"},"headline":"Mantenimiento Electr\u00f3nico, ciclo formativo que se ha adaptado de forma muy natural a la nueva situaci\u00f3n","datePublished":"2020-03-22T22:33:27+00:00","dateModified":"2020-05-08T15:47:38+00:00","mainEntityOfPage":{"@id":"https:\/\/armeriaeskola.eus\/es\/mantenimiento-electronico-ciclo-formativo-que-se-ha-adaptado-de-forma-muy-natural-la-nueva-situacion\/"},"wordCount":345,"publisher":{"@id":"https:\/\/armeriaeskola.eus\/#organization"},"image":{"@id":"https:\/\/armeriaeskola.eus\/es\/mantenimiento-electronico-ciclo-formativo-que-se-ha-adaptado-de-forma-muy-natural-la-nueva-situacion\/#primaryimage"},"thumbnailUrl":"https:\/\/armeriaeskola.eus\/wp-content\/uploads\/2020\/03\/ElekEsp3-1-scaled.jpg","articleSection":["Noticias-AE"],"inLanguage":"es"},{"@type":"WebPage","@id":"https:\/\/armeriaeskola.eus\/es\/mantenimiento-electronico-ciclo-formativo-que-se-ha-adaptado-de-forma-muy-natural-la-nueva-situacion\/","url":"https:\/\/armeriaeskola.eus\/es\/mantenimiento-electronico-ciclo-formativo-que-se-ha-adaptado-de-forma-muy-natural-la-nueva-situacion\/","name":"Mantenimiento Electr\u00f3nico, ciclo formativo que se ha adaptado de forma muy natural a la nueva situaci\u00f3n - Armeria Eskola","isPartOf":{"@id":"https:\/\/armeriaeskola.eus\/#website"},"primaryImageOfPage":{"@id":"https:\/\/armeriaeskola.eus\/es\/mantenimiento-electronico-ciclo-formativo-que-se-ha-adaptado-de-forma-muy-natural-la-nueva-situacion\/#primaryimage"},"image":{"@id":"https:\/\/armeriaeskola.eus\/es\/mantenimiento-electronico-ciclo-formativo-que-se-ha-adaptado-de-forma-muy-natural-la-nueva-situacion\/#primaryimage"},"thumbnailUrl":"https:\/\/armeriaeskola.eus\/wp-content\/uploads\/2020\/03\/ElekEsp3-1-scaled.jpg","datePublished":"2020-03-22T22:33:27+00:00","dateModified":"2020-05-08T15:47:38+00:00","breadcrumb":{"@id":"https:\/\/armeriaeskola.eus\/es\/mantenimiento-electronico-ciclo-formativo-que-se-ha-adaptado-de-forma-muy-natural-la-nueva-situacion\/#breadcrumb"},"inLanguage":"es","potentialAction":[{"@type":"ReadAction","target":["https:\/\/armeriaeskola.eus\/es\/mantenimiento-electronico-ciclo-formativo-que-se-ha-adaptado-de-forma-muy-natural-la-nueva-situacion\/"]}]},{"@type":"ImageObject","inLanguage":"es","@id":"https:\/\/armeriaeskola.eus\/es\/mantenimiento-electronico-ciclo-formativo-que-se-ha-adaptado-de-forma-muy-natural-la-nueva-situacion\/#primaryimage","url":"https:\/\/armeriaeskola.eus\/wp-content\/uploads\/2020\/03\/ElekEsp3-1-scaled.jpg","contentUrl":"https:\/\/armeriaeskola.eus\/wp-content\/uploads\/2020\/03\/ElekEsp3-1-scaled.jpg","width":2560,"height":1707},{"@type":"BreadcrumbList","@id":"https:\/\/armeriaeskola.eus\/es\/mantenimiento-electronico-ciclo-formativo-que-se-ha-adaptado-de-forma-muy-natural-la-nueva-situacion\/#breadcrumb","itemListElement":[{"@type":"ListItem","position":1,"name":"Portada","item":"https:\/\/armeriaeskola.eus\/es\/"},{"@type":"ListItem","position":2,"name":"Mantenimiento Electr\u00f3nico, ciclo formativo que se ha adaptado de forma muy natural a la nueva situaci\u00f3n"}]},{"@type":"WebSite","@id":"https:\/\/armeriaeskola.eus\/#website","url":"https:\/\/armeriaeskola.eus\/","name":"Armeria Eskola","description":"Centro Integral P\u00fablico de Formaci\u00f3n Profesional","publisher":{"@id":"https:\/\/armeriaeskola.eus\/#organization"},"potentialAction":[{"@type":"SearchAction","target":{"@type":"EntryPoint","urlTemplate":"https:\/\/armeriaeskola.eus\/?s={search_term_string}"},"query-input":{"@type":"PropertyValueSpecification","valueRequired":true,"valueName":"search_term_string"}}],"inLanguage":"es"},{"@type":"Organization","@id":"https:\/\/armeriaeskola.eus\/#organization","name":"Armeria Eskola","url":"https:\/\/armeriaeskola.eus\/","logo":{"@type":"ImageObject","inLanguage":"es","@id":"https:\/\/armeriaeskola.eus\/#\/schema\/logo\/image\/","url":"https:\/\/armeriaeskola.eus\/wp-content\/uploads\/armeria-eskola-youtube1.jpg","contentUrl":"https:\/\/armeriaeskola.eus\/wp-content\/uploads\/armeria-eskola-youtube1.jpg","width":1000,"height":501,"caption":"Armeria Eskola"},"image":{"@id":"https:\/\/armeriaeskola.eus\/#\/schema\/logo\/image\/"},"sameAs":["https:\/\/www.facebook.com\/armeriaeskola","https:\/\/x.com\/ArmeriaEskola","https:\/\/www.instagram.com\/armeriaeskola\/","https:\/\/www.linkedin.com\/company\/asociaciondearmeriaeskola\/","https:\/\/www.youtube.com\/user\/100armeriaeskola"]},{"@type":"Person","@id":"https:\/\/armeriaeskola.eus\/#\/schema\/person\/556cc6ece953729a0ba6f78b66e54fc9","name":"Administratzailea","image":{"@type":"ImageObject","inLanguage":"es","@id":"https:\/\/secure.gravatar.com\/avatar\/8b2e098c27974ed137406b913c3d1ad97e377132fd5a6545df4ff35523a1f3c9?s=96&d=mm&r=g","url":"https:\/\/secure.gravatar.com\/avatar\/8b2e098c27974ed137406b913c3d1ad97e377132fd5a6545df4ff35523a1f3c9?s=96&d=mm&r=g","contentUrl":"https:\/\/secure.gravatar.com\/avatar\/8b2e098c27974ed137406b913c3d1ad97e377132fd5a6545df4ff35523a1f3c9?s=96&d=mm&r=g","caption":"Administratzailea"}}]}},"_links":{"self":[{"href":"https:\/\/armeriaeskola.eus\/es\/wp-json\/wp\/v2\/posts\/4590","targetHints":{"allow":["GET"]}}],"collection":[{"href":"https:\/\/armeriaeskola.eus\/es\/wp-json\/wp\/v2\/posts"}],"about":[{"href":"https:\/\/armeriaeskola.eus\/es\/wp-json\/wp\/v2\/types\/post"}],"author":[{"embeddable":true,"href":"https:\/\/armeriaeskola.eus\/es\/wp-json\/wp\/v2\/users\/6"}],"replies":[{"embeddable":true,"href":"https:\/\/armeriaeskola.eus\/es\/wp-json\/wp\/v2\/comments?post=4590"}],"version-history":[{"count":0,"href":"https:\/\/armeriaeskola.eus\/es\/wp-json\/wp\/v2\/posts\/4590\/revisions"}],"wp:featuredmedia":[{"embeddable":true,"href":"https:\/\/armeriaeskola.eus\/es\/wp-json\/wp\/v2\/media\/4591"}],"wp:attachment":[{"href":"https:\/\/armeriaeskola.eus\/es\/wp-json\/wp\/v2\/media?parent=4590"}],"wp:term":[{"taxonomy":"category","embeddable":true,"href":"https:\/\/armeriaeskola.eus\/es\/wp-json\/wp\/v2\/categories?post=4590"},{"taxonomy":"post_tag","embeddable":true,"href":"https:\/\/armeriaeskola.eus\/es\/wp-json\/wp\/v2\/tags?post=4590"}],"curies":[{"name":"wp","href":"https:\/\/api.w.org\/{rel}","templated":true}]}}