{"id":4572,"date":"2020-03-16T13:25:04","date_gmt":"2020-03-16T12:25:04","guid":{"rendered":"\/es\/?p=4572"},"modified":"2020-05-21T09:41:43","modified_gmt":"2020-05-21T07:41:43","slug":"trabajando-desde-casa-con-herramientas-tics-primer-dia","status":"publish","type":"post","link":"https:\/\/armeriaeskola.eus\/es\/trabajando-desde-casa-con-herramientas-tics-primer-dia\/","title":{"rendered":"Trabajando desde casa con herramientas TICs. Primer d\u00eda."},"content":{"rendered":"<p>A pesar de la suspensi\u00f3n de las actividades presenciales, es obligaci\u00f3n del profesorado garantizar el derecho a la educaci\u00f3n del alumnado, aunque para ello sea necesario utilizar nuevos\u00a0medios. Para garantizar este derecho, en Armeria Eskola hemos decidido actuar de la siguiente manera:<\/p>\n<ul>\n<li>El profesorado de cada ciclo planificar\u00e1 y realizar\u00e1 el seguimiento de todas las actividades\u00a0acad\u00e9micas por lo menos dos veces a la\u00a0 semanas, preferentemente por\u00a0\u00a0videoconferencia.<\/li>\n<li>El primer d\u00eda se informar\u00e1 al alumnado sobre el nuevo m\u00e9todo de funcionamiento y\u00a0se asignar\u00e1n\u00a0los canales de comunicaci\u00f3n pertinentes.<\/li>\n<li>Se enviar\u00e1 al alumnado los trabajos a realizar a corto plazo y se corregir\u00e1n lo antes posible, recogiendo y registrando todas las evidencias.<\/li>\n<li>La comunicaci\u00f3n con el alumnado, preferiblemente por videoconferencia,\u00a0 ser\u00e1 permanente. El objetivo de esta comunicaci\u00f3n es recoger el feedback y ampliar la posibilidad de resolver dudas.<\/li>\n<\/ul>\n<p>Estas pautas fueron aprobadas la semana pasada y se han empezado a aplicar desde\u00a0hoy mismo. Como ejemplo, la videoconferencia realizada por los profesores del ciclo de\u00a0 \u00abAutomatismos y Rob\u00f3tica Industrial\u00bb\u00a0en el que han\u00a0decidido trabajar los conceptos de hidr\u00e1ulica y enviar los ejercicios v\u00eda email. Los alumnos tendr\u00e1n un d\u00eda de plazo para\u00a0realizar los trabajos\u00a0y enviarlos a los profesores Jon Gisasola y Manu L\u00f3pez para que \u00e9stos los corrijan. Los siguientes temas, Electroneum\u00e1tica y Electrohidr\u00e1ulica, se trabajar\u00e1n utilizando la plataforma moodle.<\/p>\n<p>El segundo ejemplo de este cambio son las reuniones entre profesores por medio de tele-conferencias, en la foto la reuni\u00f3n\u00a0 den grupo de normalizaci\u00f3n ling\u00fc\u00edstica para preparar el certificado Bikain de euskera.<\/p>\n","protected":false},"excerpt":{"rendered":"<p>A pesar de la suspensi\u00f3n de las actividades presenciales, es obligaci\u00f3n del profesorado garantizar el derecho a la educaci\u00f3n del alumnado, aunque para ello sea necesario utilizar nuevos\u00a0medios. Para garantizar este derecho, en Armeria Eskola hemos decidido actuar de la &hellip; <\/p>\n","protected":false},"author":6,"featured_media":4573,"comment_status":"closed","ping_status":"closed","sticky":false,"template":"","format":"standard","meta":{"_acf_changed":false,"rs_blank_template":"","rs_page_bg_color":"#ffffff","slide_template_v7":"","footnotes":""},"categories":[215],"tags":[],"class_list":["post-4572","post","type-post","status-publish","format-standard","has-post-thumbnail","hentry","category-noticias-ae"],"acf":[],"yoast_head":"<!-- This site is optimized with the Yoast SEO plugin v27.4 - https:\/\/yoast.com\/product\/yoast-seo-wordpress\/ -->\n<title>Trabajando desde casa con herramientas TICs. Primer d\u00eda. - Armeria Eskola<\/title>\n<meta name=\"robots\" content=\"index, follow, max-snippet:-1, max-image-preview:large, max-video-preview:-1\" \/>\n<link rel=\"canonical\" href=\"https:\/\/armeriaeskola.eus\/es\/trabajando-desde-casa-con-herramientas-tics-primer-dia\/\" \/>\n<meta property=\"og:locale\" content=\"es_ES\" \/>\n<meta property=\"og:type\" content=\"article\" \/>\n<meta property=\"og:title\" content=\"Trabajando desde casa con herramientas TICs. Primer d\u00eda. - Armeria Eskola\" \/>\n<meta property=\"og:description\" content=\"A pesar de la suspensi\u00f3n de las actividades presenciales, es obligaci\u00f3n del profesorado garantizar el derecho a la educaci\u00f3n del alumnado, aunque para ello sea necesario utilizar nuevos\u00a0medios. Para garantizar este derecho, en Armeria Eskola hemos decidido actuar de la &hellip;\" \/>\n<meta property=\"og:url\" content=\"https:\/\/armeriaeskola.eus\/es\/trabajando-desde-casa-con-herramientas-tics-primer-dia\/\" \/>\n<meta property=\"og:site_name\" content=\"Armeria Eskola\" \/>\n<meta property=\"article:publisher\" content=\"https:\/\/www.facebook.com\/armeriaeskola\" \/>\n<meta property=\"article:published_time\" content=\"2020-03-16T12:25:04+00:00\" \/>\n<meta property=\"article:modified_time\" content=\"2020-05-21T07:41:43+00:00\" \/>\n<meta property=\"og:image\" content=\"https:\/\/armeriaeskola.eus\/wp-content\/uploads\/2020\/03\/bi-1.png\" \/>\n\t<meta property=\"og:image:width\" content=\"946\" \/>\n\t<meta property=\"og:image:height\" content=\"615\" \/>\n\t<meta property=\"og:image:type\" content=\"image\/png\" \/>\n<meta name=\"author\" content=\"Administratzailea\" \/>\n<meta name=\"twitter:card\" content=\"summary_large_image\" \/>\n<meta name=\"twitter:creator\" content=\"@ArmeriaEskola\" \/>\n<meta name=\"twitter:site\" content=\"@ArmeriaEskola\" \/>\n<meta name=\"twitter:label1\" content=\"Escrito por\" \/>\n\t<meta name=\"twitter:data1\" content=\"Administratzailea\" \/>\n\t<meta name=\"twitter:label2\" content=\"Tiempo de lectura\" \/>\n\t<meta name=\"twitter:data2\" content=\"1 minuto\" \/>\n<script type=\"application\/ld+json\" class=\"yoast-schema-graph\">{\"@context\":\"https:\\\/\\\/schema.org\",\"@graph\":[{\"@type\":\"Article\",\"@id\":\"https:\\\/\\\/armeriaeskola.eus\\\/es\\\/trabajando-desde-casa-con-herramientas-tics-primer-dia\\\/#article\",\"isPartOf\":{\"@id\":\"https:\\\/\\\/armeriaeskola.eus\\\/es\\\/trabajando-desde-casa-con-herramientas-tics-primer-dia\\\/\"},\"author\":{\"name\":\"Administratzailea\",\"@id\":\"https:\\\/\\\/armeriaeskola.eus\\\/#\\\/schema\\\/person\\\/556cc6ece953729a0ba6f78b66e54fc9\"},\"headline\":\"Trabajando desde casa con herramientas TICs. Primer d\u00eda.\",\"datePublished\":\"2020-03-16T12:25:04+00:00\",\"dateModified\":\"2020-05-21T07:41:43+00:00\",\"mainEntityOfPage\":{\"@id\":\"https:\\\/\\\/armeriaeskola.eus\\\/es\\\/trabajando-desde-casa-con-herramientas-tics-primer-dia\\\/\"},\"wordCount\":288,\"publisher\":{\"@id\":\"https:\\\/\\\/armeriaeskola.eus\\\/#organization\"},\"image\":{\"@id\":\"https:\\\/\\\/armeriaeskola.eus\\\/es\\\/trabajando-desde-casa-con-herramientas-tics-primer-dia\\\/#primaryimage\"},\"thumbnailUrl\":\"https:\\\/\\\/armeriaeskola.eus\\\/wp-content\\\/uploads\\\/2020\\\/03\\\/bi-1.png\",\"articleSection\":[\"Noticias-AE\"],\"inLanguage\":\"es\"},{\"@type\":\"WebPage\",\"@id\":\"https:\\\/\\\/armeriaeskola.eus\\\/es\\\/trabajando-desde-casa-con-herramientas-tics-primer-dia\\\/\",\"url\":\"https:\\\/\\\/armeriaeskola.eus\\\/es\\\/trabajando-desde-casa-con-herramientas-tics-primer-dia\\\/\",\"name\":\"Trabajando desde casa con herramientas TICs. Primer d\u00eda. - Armeria Eskola\",\"isPartOf\":{\"@id\":\"https:\\\/\\\/armeriaeskola.eus\\\/#website\"},\"primaryImageOfPage\":{\"@id\":\"https:\\\/\\\/armeriaeskola.eus\\\/es\\\/trabajando-desde-casa-con-herramientas-tics-primer-dia\\\/#primaryimage\"},\"image\":{\"@id\":\"https:\\\/\\\/armeriaeskola.eus\\\/es\\\/trabajando-desde-casa-con-herramientas-tics-primer-dia\\\/#primaryimage\"},\"thumbnailUrl\":\"https:\\\/\\\/armeriaeskola.eus\\\/wp-content\\\/uploads\\\/2020\\\/03\\\/bi-1.png\",\"datePublished\":\"2020-03-16T12:25:04+00:00\",\"dateModified\":\"2020-05-21T07:41:43+00:00\",\"breadcrumb\":{\"@id\":\"https:\\\/\\\/armeriaeskola.eus\\\/es\\\/trabajando-desde-casa-con-herramientas-tics-primer-dia\\\/#breadcrumb\"},\"inLanguage\":\"es\",\"potentialAction\":[{\"@type\":\"ReadAction\",\"target\":[\"https:\\\/\\\/armeriaeskola.eus\\\/es\\\/trabajando-desde-casa-con-herramientas-tics-primer-dia\\\/\"]}]},{\"@type\":\"ImageObject\",\"inLanguage\":\"es\",\"@id\":\"https:\\\/\\\/armeriaeskola.eus\\\/es\\\/trabajando-desde-casa-con-herramientas-tics-primer-dia\\\/#primaryimage\",\"url\":\"https:\\\/\\\/armeriaeskola.eus\\\/wp-content\\\/uploads\\\/2020\\\/03\\\/bi-1.png\",\"contentUrl\":\"https:\\\/\\\/armeriaeskola.eus\\\/wp-content\\\/uploads\\\/2020\\\/03\\\/bi-1.png\",\"width\":946,\"height\":615},{\"@type\":\"BreadcrumbList\",\"@id\":\"https:\\\/\\\/armeriaeskola.eus\\\/es\\\/trabajando-desde-casa-con-herramientas-tics-primer-dia\\\/#breadcrumb\",\"itemListElement\":[{\"@type\":\"ListItem\",\"position\":1,\"name\":\"Portada\",\"item\":\"https:\\\/\\\/armeriaeskola.eus\\\/es\\\/\"},{\"@type\":\"ListItem\",\"position\":2,\"name\":\"Trabajando desde casa con herramientas TICs. Primer d\u00eda.\"}]},{\"@type\":\"WebSite\",\"@id\":\"https:\\\/\\\/armeriaeskola.eus\\\/#website\",\"url\":\"https:\\\/\\\/armeriaeskola.eus\\\/\",\"name\":\"Armeria Eskola\",\"description\":\"Centro Integral P\u00fablico de Formaci\u00f3n Profesional\",\"publisher\":{\"@id\":\"https:\\\/\\\/armeriaeskola.eus\\\/#organization\"},\"potentialAction\":[{\"@type\":\"SearchAction\",\"target\":{\"@type\":\"EntryPoint\",\"urlTemplate\":\"https:\\\/\\\/armeriaeskola.eus\\\/?s={search_term_string}\"},\"query-input\":{\"@type\":\"PropertyValueSpecification\",\"valueRequired\":true,\"valueName\":\"search_term_string\"}}],\"inLanguage\":\"es\"},{\"@type\":\"Organization\",\"@id\":\"https:\\\/\\\/armeriaeskola.eus\\\/#organization\",\"name\":\"Armeria Eskola\",\"url\":\"https:\\\/\\\/armeriaeskola.eus\\\/\",\"logo\":{\"@type\":\"ImageObject\",\"inLanguage\":\"es\",\"@id\":\"https:\\\/\\\/armeriaeskola.eus\\\/#\\\/schema\\\/logo\\\/image\\\/\",\"url\":\"https:\\\/\\\/armeriaeskola.eus\\\/wp-content\\\/uploads\\\/armeria-eskola-youtube1.jpg\",\"contentUrl\":\"https:\\\/\\\/armeriaeskola.eus\\\/wp-content\\\/uploads\\\/armeria-eskola-youtube1.jpg\",\"width\":1000,\"height\":501,\"caption\":\"Armeria Eskola\"},\"image\":{\"@id\":\"https:\\\/\\\/armeriaeskola.eus\\\/#\\\/schema\\\/logo\\\/image\\\/\"},\"sameAs\":[\"https:\\\/\\\/www.facebook.com\\\/armeriaeskola\",\"https:\\\/\\\/x.com\\\/ArmeriaEskola\",\"https:\\\/\\\/www.instagram.com\\\/armeriaeskola\\\/\",\"https:\\\/\\\/www.linkedin.com\\\/company\\\/asociaciondearmeriaeskola\\\/\",\"https:\\\/\\\/www.youtube.com\\\/user\\\/100armeriaeskola\"]},{\"@type\":\"Person\",\"@id\":\"https:\\\/\\\/armeriaeskola.eus\\\/#\\\/schema\\\/person\\\/556cc6ece953729a0ba6f78b66e54fc9\",\"name\":\"Administratzailea\",\"image\":{\"@type\":\"ImageObject\",\"inLanguage\":\"es\",\"@id\":\"https:\\\/\\\/secure.gravatar.com\\\/avatar\\\/8b2e098c27974ed137406b913c3d1ad97e377132fd5a6545df4ff35523a1f3c9?s=96&d=mm&r=g\",\"url\":\"https:\\\/\\\/secure.gravatar.com\\\/avatar\\\/8b2e098c27974ed137406b913c3d1ad97e377132fd5a6545df4ff35523a1f3c9?s=96&d=mm&r=g\",\"contentUrl\":\"https:\\\/\\\/secure.gravatar.com\\\/avatar\\\/8b2e098c27974ed137406b913c3d1ad97e377132fd5a6545df4ff35523a1f3c9?s=96&d=mm&r=g\",\"caption\":\"Administratzailea\"}}]}<\/script>\n<!-- \/ Yoast SEO plugin. -->","yoast_head_json":{"title":"Trabajando desde casa con herramientas TICs. Primer d\u00eda. - Armeria Eskola","robots":{"index":"index","follow":"follow","max-snippet":"max-snippet:-1","max-image-preview":"max-image-preview:large","max-video-preview":"max-video-preview:-1"},"canonical":"https:\/\/armeriaeskola.eus\/es\/trabajando-desde-casa-con-herramientas-tics-primer-dia\/","og_locale":"es_ES","og_type":"article","og_title":"Trabajando desde casa con herramientas TICs. Primer d\u00eda. - Armeria Eskola","og_description":"A pesar de la suspensi\u00f3n de las actividades presenciales, es obligaci\u00f3n del profesorado garantizar el derecho a la educaci\u00f3n del alumnado, aunque para ello sea necesario utilizar nuevos\u00a0medios. Para garantizar este derecho, en Armeria Eskola hemos decidido actuar de la &hellip;","og_url":"https:\/\/armeriaeskola.eus\/es\/trabajando-desde-casa-con-herramientas-tics-primer-dia\/","og_site_name":"Armeria Eskola","article_publisher":"https:\/\/www.facebook.com\/armeriaeskola","article_published_time":"2020-03-16T12:25:04+00:00","article_modified_time":"2020-05-21T07:41:43+00:00","og_image":[{"width":946,"height":615,"url":"https:\/\/armeriaeskola.eus\/wp-content\/uploads\/2020\/03\/bi-1.png","type":"image\/png"}],"author":"Administratzailea","twitter_card":"summary_large_image","twitter_creator":"@ArmeriaEskola","twitter_site":"@ArmeriaEskola","twitter_misc":{"Escrito por":"Administratzailea","Tiempo de lectura":"1 minuto"},"schema":{"@context":"https:\/\/schema.org","@graph":[{"@type":"Article","@id":"https:\/\/armeriaeskola.eus\/es\/trabajando-desde-casa-con-herramientas-tics-primer-dia\/#article","isPartOf":{"@id":"https:\/\/armeriaeskola.eus\/es\/trabajando-desde-casa-con-herramientas-tics-primer-dia\/"},"author":{"name":"Administratzailea","@id":"https:\/\/armeriaeskola.eus\/#\/schema\/person\/556cc6ece953729a0ba6f78b66e54fc9"},"headline":"Trabajando desde casa con herramientas TICs. Primer d\u00eda.","datePublished":"2020-03-16T12:25:04+00:00","dateModified":"2020-05-21T07:41:43+00:00","mainEntityOfPage":{"@id":"https:\/\/armeriaeskola.eus\/es\/trabajando-desde-casa-con-herramientas-tics-primer-dia\/"},"wordCount":288,"publisher":{"@id":"https:\/\/armeriaeskola.eus\/#organization"},"image":{"@id":"https:\/\/armeriaeskola.eus\/es\/trabajando-desde-casa-con-herramientas-tics-primer-dia\/#primaryimage"},"thumbnailUrl":"https:\/\/armeriaeskola.eus\/wp-content\/uploads\/2020\/03\/bi-1.png","articleSection":["Noticias-AE"],"inLanguage":"es"},{"@type":"WebPage","@id":"https:\/\/armeriaeskola.eus\/es\/trabajando-desde-casa-con-herramientas-tics-primer-dia\/","url":"https:\/\/armeriaeskola.eus\/es\/trabajando-desde-casa-con-herramientas-tics-primer-dia\/","name":"Trabajando desde casa con herramientas TICs. Primer d\u00eda. - Armeria Eskola","isPartOf":{"@id":"https:\/\/armeriaeskola.eus\/#website"},"primaryImageOfPage":{"@id":"https:\/\/armeriaeskola.eus\/es\/trabajando-desde-casa-con-herramientas-tics-primer-dia\/#primaryimage"},"image":{"@id":"https:\/\/armeriaeskola.eus\/es\/trabajando-desde-casa-con-herramientas-tics-primer-dia\/#primaryimage"},"thumbnailUrl":"https:\/\/armeriaeskola.eus\/wp-content\/uploads\/2020\/03\/bi-1.png","datePublished":"2020-03-16T12:25:04+00:00","dateModified":"2020-05-21T07:41:43+00:00","breadcrumb":{"@id":"https:\/\/armeriaeskola.eus\/es\/trabajando-desde-casa-con-herramientas-tics-primer-dia\/#breadcrumb"},"inLanguage":"es","potentialAction":[{"@type":"ReadAction","target":["https:\/\/armeriaeskola.eus\/es\/trabajando-desde-casa-con-herramientas-tics-primer-dia\/"]}]},{"@type":"ImageObject","inLanguage":"es","@id":"https:\/\/armeriaeskola.eus\/es\/trabajando-desde-casa-con-herramientas-tics-primer-dia\/#primaryimage","url":"https:\/\/armeriaeskola.eus\/wp-content\/uploads\/2020\/03\/bi-1.png","contentUrl":"https:\/\/armeriaeskola.eus\/wp-content\/uploads\/2020\/03\/bi-1.png","width":946,"height":615},{"@type":"BreadcrumbList","@id":"https:\/\/armeriaeskola.eus\/es\/trabajando-desde-casa-con-herramientas-tics-primer-dia\/#breadcrumb","itemListElement":[{"@type":"ListItem","position":1,"name":"Portada","item":"https:\/\/armeriaeskola.eus\/es\/"},{"@type":"ListItem","position":2,"name":"Trabajando desde casa con herramientas TICs. Primer d\u00eda."}]},{"@type":"WebSite","@id":"https:\/\/armeriaeskola.eus\/#website","url":"https:\/\/armeriaeskola.eus\/","name":"Armeria Eskola","description":"Centro Integral P\u00fablico de Formaci\u00f3n Profesional","publisher":{"@id":"https:\/\/armeriaeskola.eus\/#organization"},"potentialAction":[{"@type":"SearchAction","target":{"@type":"EntryPoint","urlTemplate":"https:\/\/armeriaeskola.eus\/?s={search_term_string}"},"query-input":{"@type":"PropertyValueSpecification","valueRequired":true,"valueName":"search_term_string"}}],"inLanguage":"es"},{"@type":"Organization","@id":"https:\/\/armeriaeskola.eus\/#organization","name":"Armeria Eskola","url":"https:\/\/armeriaeskola.eus\/","logo":{"@type":"ImageObject","inLanguage":"es","@id":"https:\/\/armeriaeskola.eus\/#\/schema\/logo\/image\/","url":"https:\/\/armeriaeskola.eus\/wp-content\/uploads\/armeria-eskola-youtube1.jpg","contentUrl":"https:\/\/armeriaeskola.eus\/wp-content\/uploads\/armeria-eskola-youtube1.jpg","width":1000,"height":501,"caption":"Armeria Eskola"},"image":{"@id":"https:\/\/armeriaeskola.eus\/#\/schema\/logo\/image\/"},"sameAs":["https:\/\/www.facebook.com\/armeriaeskola","https:\/\/x.com\/ArmeriaEskola","https:\/\/www.instagram.com\/armeriaeskola\/","https:\/\/www.linkedin.com\/company\/asociaciondearmeriaeskola\/","https:\/\/www.youtube.com\/user\/100armeriaeskola"]},{"@type":"Person","@id":"https:\/\/armeriaeskola.eus\/#\/schema\/person\/556cc6ece953729a0ba6f78b66e54fc9","name":"Administratzailea","image":{"@type":"ImageObject","inLanguage":"es","@id":"https:\/\/secure.gravatar.com\/avatar\/8b2e098c27974ed137406b913c3d1ad97e377132fd5a6545df4ff35523a1f3c9?s=96&d=mm&r=g","url":"https:\/\/secure.gravatar.com\/avatar\/8b2e098c27974ed137406b913c3d1ad97e377132fd5a6545df4ff35523a1f3c9?s=96&d=mm&r=g","contentUrl":"https:\/\/secure.gravatar.com\/avatar\/8b2e098c27974ed137406b913c3d1ad97e377132fd5a6545df4ff35523a1f3c9?s=96&d=mm&r=g","caption":"Administratzailea"}}]}},"_links":{"self":[{"href":"https:\/\/armeriaeskola.eus\/es\/wp-json\/wp\/v2\/posts\/4572","targetHints":{"allow":["GET"]}}],"collection":[{"href":"https:\/\/armeriaeskola.eus\/es\/wp-json\/wp\/v2\/posts"}],"about":[{"href":"https:\/\/armeriaeskola.eus\/es\/wp-json\/wp\/v2\/types\/post"}],"author":[{"embeddable":true,"href":"https:\/\/armeriaeskola.eus\/es\/wp-json\/wp\/v2\/users\/6"}],"replies":[{"embeddable":true,"href":"https:\/\/armeriaeskola.eus\/es\/wp-json\/wp\/v2\/comments?post=4572"}],"version-history":[{"count":0,"href":"https:\/\/armeriaeskola.eus\/es\/wp-json\/wp\/v2\/posts\/4572\/revisions"}],"wp:featuredmedia":[{"embeddable":true,"href":"https:\/\/armeriaeskola.eus\/es\/wp-json\/wp\/v2\/media\/4573"}],"wp:attachment":[{"href":"https:\/\/armeriaeskola.eus\/es\/wp-json\/wp\/v2\/media?parent=4572"}],"wp:term":[{"taxonomy":"category","embeddable":true,"href":"https:\/\/armeriaeskola.eus\/es\/wp-json\/wp\/v2\/categories?post=4572"},{"taxonomy":"post_tag","embeddable":true,"href":"https:\/\/armeriaeskola.eus\/es\/wp-json\/wp\/v2\/tags?post=4572"}],"curies":[{"name":"wp","href":"https:\/\/api.w.org\/{rel}","templated":true}]}}