{"id":4281,"date":"2019-09-04T08:13:20","date_gmt":"2019-09-04T07:13:20","guid":{"rendered":"\/?p=4281"},"modified":"2020-05-08T15:47:53","modified_gmt":"2020-05-08T15:47:53","slug":"ya-disponible-el-calendario-2017-2018-de-los-cursos-para-trabajadoresas-y-desempleadosas-en-armeria-eskola-2","status":"publish","type":"post","link":"https:\/\/armeriaeskola.eus\/es\/ya-disponible-el-calendario-2017-2018-de-los-cursos-para-trabajadoresas-y-desempleadosas-en-armeria-eskola-2\/","title":{"rendered":"Calendario de los cursos de Armeria Eskola para el 2019-20"},"content":{"rendered":"<p><strong>Ten\u00e9is\u00a0 disponible el\u00a0<a href=\"\/wp-content\/uploads\/2019\/09\/ikastaro-katalogoa_2019-20-2.pdf\">calendario de cursos del 2019-20 para trabajadores\/as y desempleados\/as<\/a> de Armeria Eskola.<\/strong><\/p>\n<p><strong>Las plazas ser\u00e1n limitadas, por lo que, \u00a1Reserva tu plaza cuanto antes!<\/strong><\/p>\n<p>El cat\u00e1logo de formaci\u00f3n se encuentra en esta p\u00e1gina web en el apartado\u00a0<b>Formaci\u00f3n para el empleo<\/b>\u00a0, o si lo prefer\u00eds, mediante el enlace\u00a0<a href=\"http:\/\/ikastaroak.armeriaeskola.com\/?lang=es_ES\">https:\/\/ikastaroak.armeriaeskola.com<\/a>.<\/p>\n<p align=\"JUSTIFY\">Para m\u00e1s informaci\u00f3n, pod\u00e9is contactarnos escribiendo\u00a0 a ikastaroak@armeriaeskola.com o llamando al 943 20 32 44.<\/p>\n<p>&nbsp;<\/p>\n","protected":false},"excerpt":{"rendered":"<p>Ten\u00e9is\u00a0 disponible el\u00a0calendario de cursos del 2019-20 para trabajadores\/as y desempleados\/as de Armeria Eskola. Las plazas ser\u00e1n limitadas, por lo que, \u00a1Reserva tu plaza cuanto antes! El cat\u00e1logo de formaci\u00f3n se encuentra en esta p\u00e1gina web en el apartado\u00a0Formaci\u00f3n para &hellip; <\/p>\n","protected":false},"author":6,"featured_media":4286,"comment_status":"closed","ping_status":"closed","sticky":false,"template":"","format":"standard","meta":{"_acf_changed":false,"rs_blank_template":"","rs_page_bg_color":"","slide_template_v7":"","footnotes":""},"categories":[215],"tags":[],"class_list":["post-4281","post","type-post","status-publish","format-standard","has-post-thumbnail","hentry","category-noticias-ae"],"acf":[],"yoast_head":"<!-- This site is optimized with the Yoast SEO plugin v27.4 - https:\/\/yoast.com\/product\/yoast-seo-wordpress\/ -->\n<title>Calendario de los cursos de Armeria Eskola para el 2019-20 - Armeria Eskola<\/title>\n<meta name=\"robots\" content=\"index, follow, max-snippet:-1, max-image-preview:large, max-video-preview:-1\" \/>\n<link rel=\"canonical\" href=\"https:\/\/armeriaeskola.eus\/es\/ya-disponible-el-calendario-2017-2018-de-los-cursos-para-trabajadoresas-y-desempleadosas-en-armeria-eskola-2\/\" \/>\n<meta property=\"og:locale\" content=\"es_ES\" \/>\n<meta property=\"og:type\" content=\"article\" \/>\n<meta property=\"og:title\" content=\"Calendario de los cursos de Armeria Eskola para el 2019-20 - Armeria Eskola\" \/>\n<meta property=\"og:description\" content=\"Ten\u00e9is\u00a0 disponible el\u00a0calendario de cursos del 2019-20 para trabajadores\/as y desempleados\/as de Armeria Eskola. Las plazas ser\u00e1n limitadas, por lo que, \u00a1Reserva tu plaza cuanto antes! El cat\u00e1logo de formaci\u00f3n se encuentra en esta p\u00e1gina web en el apartado\u00a0Formaci\u00f3n para &hellip;\" \/>\n<meta property=\"og:url\" content=\"https:\/\/armeriaeskola.eus\/es\/ya-disponible-el-calendario-2017-2018-de-los-cursos-para-trabajadoresas-y-desempleadosas-en-armeria-eskola-2\/\" \/>\n<meta property=\"og:site_name\" content=\"Armeria Eskola\" \/>\n<meta property=\"article:publisher\" content=\"https:\/\/www.facebook.com\/armeriaeskola\" \/>\n<meta property=\"article:published_time\" content=\"2019-09-04T07:13:20+00:00\" \/>\n<meta property=\"article:modified_time\" content=\"2020-05-08T15:47:53+00:00\" \/>\n<meta property=\"og:image\" content=\"https:\/\/armeriaeskola.eus\/wp-content\/uploads\/2019\/09\/ikastaro-katalogoa_2019-20-1.png\" \/>\n\t<meta property=\"og:image:width\" content=\"2339\" \/>\n\t<meta property=\"og:image:height\" content=\"3308\" \/>\n\t<meta property=\"og:image:type\" content=\"image\/png\" \/>\n<meta name=\"author\" content=\"Administratzailea\" \/>\n<meta name=\"twitter:card\" content=\"summary_large_image\" \/>\n<meta name=\"twitter:creator\" content=\"@ArmeriaEskola\" \/>\n<meta name=\"twitter:site\" content=\"@ArmeriaEskola\" \/>\n<meta name=\"twitter:label1\" content=\"Escrito por\" \/>\n\t<meta name=\"twitter:data1\" content=\"Administratzailea\" \/>\n<script type=\"application\/ld+json\" class=\"yoast-schema-graph\">{\"@context\":\"https:\\\/\\\/schema.org\",\"@graph\":[{\"@type\":\"Article\",\"@id\":\"https:\\\/\\\/armeriaeskola.eus\\\/es\\\/ya-disponible-el-calendario-2017-2018-de-los-cursos-para-trabajadoresas-y-desempleadosas-en-armeria-eskola-2\\\/#article\",\"isPartOf\":{\"@id\":\"https:\\\/\\\/armeriaeskola.eus\\\/es\\\/ya-disponible-el-calendario-2017-2018-de-los-cursos-para-trabajadoresas-y-desempleadosas-en-armeria-eskola-2\\\/\"},\"author\":{\"name\":\"Administratzailea\",\"@id\":\"https:\\\/\\\/armeriaeskola.eus\\\/#\\\/schema\\\/person\\\/556cc6ece953729a0ba6f78b66e54fc9\"},\"headline\":\"Calendario de los cursos de Armeria Eskola para el 2019-20\",\"datePublished\":\"2019-09-04T07:13:20+00:00\",\"dateModified\":\"2020-05-08T15:47:53+00:00\",\"mainEntityOfPage\":{\"@id\":\"https:\\\/\\\/armeriaeskola.eus\\\/es\\\/ya-disponible-el-calendario-2017-2018-de-los-cursos-para-trabajadoresas-y-desempleadosas-en-armeria-eskola-2\\\/\"},\"wordCount\":91,\"publisher\":{\"@id\":\"https:\\\/\\\/armeriaeskola.eus\\\/#organization\"},\"image\":{\"@id\":\"https:\\\/\\\/armeriaeskola.eus\\\/es\\\/ya-disponible-el-calendario-2017-2018-de-los-cursos-para-trabajadoresas-y-desempleadosas-en-armeria-eskola-2\\\/#primaryimage\"},\"thumbnailUrl\":\"https:\\\/\\\/armeriaeskola.eus\\\/wp-content\\\/uploads\\\/2019\\\/09\\\/ikastaro-katalogoa_2019-20-1.png\",\"articleSection\":[\"Noticias-AE\"],\"inLanguage\":\"es\"},{\"@type\":\"WebPage\",\"@id\":\"https:\\\/\\\/armeriaeskola.eus\\\/es\\\/ya-disponible-el-calendario-2017-2018-de-los-cursos-para-trabajadoresas-y-desempleadosas-en-armeria-eskola-2\\\/\",\"url\":\"https:\\\/\\\/armeriaeskola.eus\\\/es\\\/ya-disponible-el-calendario-2017-2018-de-los-cursos-para-trabajadoresas-y-desempleadosas-en-armeria-eskola-2\\\/\",\"name\":\"Calendario de los cursos de Armeria Eskola para el 2019-20 - Armeria Eskola\",\"isPartOf\":{\"@id\":\"https:\\\/\\\/armeriaeskola.eus\\\/#website\"},\"primaryImageOfPage\":{\"@id\":\"https:\\\/\\\/armeriaeskola.eus\\\/es\\\/ya-disponible-el-calendario-2017-2018-de-los-cursos-para-trabajadoresas-y-desempleadosas-en-armeria-eskola-2\\\/#primaryimage\"},\"image\":{\"@id\":\"https:\\\/\\\/armeriaeskola.eus\\\/es\\\/ya-disponible-el-calendario-2017-2018-de-los-cursos-para-trabajadoresas-y-desempleadosas-en-armeria-eskola-2\\\/#primaryimage\"},\"thumbnailUrl\":\"https:\\\/\\\/armeriaeskola.eus\\\/wp-content\\\/uploads\\\/2019\\\/09\\\/ikastaro-katalogoa_2019-20-1.png\",\"datePublished\":\"2019-09-04T07:13:20+00:00\",\"dateModified\":\"2020-05-08T15:47:53+00:00\",\"breadcrumb\":{\"@id\":\"https:\\\/\\\/armeriaeskola.eus\\\/es\\\/ya-disponible-el-calendario-2017-2018-de-los-cursos-para-trabajadoresas-y-desempleadosas-en-armeria-eskola-2\\\/#breadcrumb\"},\"inLanguage\":\"es\",\"potentialAction\":[{\"@type\":\"ReadAction\",\"target\":[\"https:\\\/\\\/armeriaeskola.eus\\\/es\\\/ya-disponible-el-calendario-2017-2018-de-los-cursos-para-trabajadoresas-y-desempleadosas-en-armeria-eskola-2\\\/\"]}]},{\"@type\":\"ImageObject\",\"inLanguage\":\"es\",\"@id\":\"https:\\\/\\\/armeriaeskola.eus\\\/es\\\/ya-disponible-el-calendario-2017-2018-de-los-cursos-para-trabajadoresas-y-desempleadosas-en-armeria-eskola-2\\\/#primaryimage\",\"url\":\"https:\\\/\\\/armeriaeskola.eus\\\/wp-content\\\/uploads\\\/2019\\\/09\\\/ikastaro-katalogoa_2019-20-1.png\",\"contentUrl\":\"https:\\\/\\\/armeriaeskola.eus\\\/wp-content\\\/uploads\\\/2019\\\/09\\\/ikastaro-katalogoa_2019-20-1.png\",\"width\":2339,\"height\":3308},{\"@type\":\"BreadcrumbList\",\"@id\":\"https:\\\/\\\/armeriaeskola.eus\\\/es\\\/ya-disponible-el-calendario-2017-2018-de-los-cursos-para-trabajadoresas-y-desempleadosas-en-armeria-eskola-2\\\/#breadcrumb\",\"itemListElement\":[{\"@type\":\"ListItem\",\"position\":1,\"name\":\"Portada\",\"item\":\"https:\\\/\\\/armeriaeskola.eus\\\/es\\\/\"},{\"@type\":\"ListItem\",\"position\":2,\"name\":\"Calendario de los cursos de Armeria Eskola para el 2019-20\"}]},{\"@type\":\"WebSite\",\"@id\":\"https:\\\/\\\/armeriaeskola.eus\\\/#website\",\"url\":\"https:\\\/\\\/armeriaeskola.eus\\\/\",\"name\":\"Armeria Eskola\",\"description\":\"Centro Integral P\u00fablico de Formaci\u00f3n Profesional\",\"publisher\":{\"@id\":\"https:\\\/\\\/armeriaeskola.eus\\\/#organization\"},\"potentialAction\":[{\"@type\":\"SearchAction\",\"target\":{\"@type\":\"EntryPoint\",\"urlTemplate\":\"https:\\\/\\\/armeriaeskola.eus\\\/?s={search_term_string}\"},\"query-input\":{\"@type\":\"PropertyValueSpecification\",\"valueRequired\":true,\"valueName\":\"search_term_string\"}}],\"inLanguage\":\"es\"},{\"@type\":\"Organization\",\"@id\":\"https:\\\/\\\/armeriaeskola.eus\\\/#organization\",\"name\":\"Armeria Eskola\",\"url\":\"https:\\\/\\\/armeriaeskola.eus\\\/\",\"logo\":{\"@type\":\"ImageObject\",\"inLanguage\":\"es\",\"@id\":\"https:\\\/\\\/armeriaeskola.eus\\\/#\\\/schema\\\/logo\\\/image\\\/\",\"url\":\"https:\\\/\\\/armeriaeskola.eus\\\/wp-content\\\/uploads\\\/armeria-eskola-youtube1.jpg\",\"contentUrl\":\"https:\\\/\\\/armeriaeskola.eus\\\/wp-content\\\/uploads\\\/armeria-eskola-youtube1.jpg\",\"width\":1000,\"height\":501,\"caption\":\"Armeria Eskola\"},\"image\":{\"@id\":\"https:\\\/\\\/armeriaeskola.eus\\\/#\\\/schema\\\/logo\\\/image\\\/\"},\"sameAs\":[\"https:\\\/\\\/www.facebook.com\\\/armeriaeskola\",\"https:\\\/\\\/x.com\\\/ArmeriaEskola\",\"https:\\\/\\\/www.instagram.com\\\/armeriaeskola\\\/\",\"https:\\\/\\\/www.linkedin.com\\\/company\\\/asociaciondearmeriaeskola\\\/\",\"https:\\\/\\\/www.youtube.com\\\/user\\\/100armeriaeskola\"]},{\"@type\":\"Person\",\"@id\":\"https:\\\/\\\/armeriaeskola.eus\\\/#\\\/schema\\\/person\\\/556cc6ece953729a0ba6f78b66e54fc9\",\"name\":\"Administratzailea\",\"image\":{\"@type\":\"ImageObject\",\"inLanguage\":\"es\",\"@id\":\"https:\\\/\\\/secure.gravatar.com\\\/avatar\\\/8b2e098c27974ed137406b913c3d1ad97e377132fd5a6545df4ff35523a1f3c9?s=96&d=mm&r=g\",\"url\":\"https:\\\/\\\/secure.gravatar.com\\\/avatar\\\/8b2e098c27974ed137406b913c3d1ad97e377132fd5a6545df4ff35523a1f3c9?s=96&d=mm&r=g\",\"contentUrl\":\"https:\\\/\\\/secure.gravatar.com\\\/avatar\\\/8b2e098c27974ed137406b913c3d1ad97e377132fd5a6545df4ff35523a1f3c9?s=96&d=mm&r=g\",\"caption\":\"Administratzailea\"}}]}<\/script>\n<!-- \/ Yoast SEO plugin. -->","yoast_head_json":{"title":"Calendario de los cursos de Armeria Eskola para el 2019-20 - Armeria Eskola","robots":{"index":"index","follow":"follow","max-snippet":"max-snippet:-1","max-image-preview":"max-image-preview:large","max-video-preview":"max-video-preview:-1"},"canonical":"https:\/\/armeriaeskola.eus\/es\/ya-disponible-el-calendario-2017-2018-de-los-cursos-para-trabajadoresas-y-desempleadosas-en-armeria-eskola-2\/","og_locale":"es_ES","og_type":"article","og_title":"Calendario de los cursos de Armeria Eskola para el 2019-20 - Armeria Eskola","og_description":"Ten\u00e9is\u00a0 disponible el\u00a0calendario de cursos del 2019-20 para trabajadores\/as y desempleados\/as de Armeria Eskola. Las plazas ser\u00e1n limitadas, por lo que, \u00a1Reserva tu plaza cuanto antes! El cat\u00e1logo de formaci\u00f3n se encuentra en esta p\u00e1gina web en el apartado\u00a0Formaci\u00f3n para &hellip;","og_url":"https:\/\/armeriaeskola.eus\/es\/ya-disponible-el-calendario-2017-2018-de-los-cursos-para-trabajadoresas-y-desempleadosas-en-armeria-eskola-2\/","og_site_name":"Armeria Eskola","article_publisher":"https:\/\/www.facebook.com\/armeriaeskola","article_published_time":"2019-09-04T07:13:20+00:00","article_modified_time":"2020-05-08T15:47:53+00:00","og_image":[{"width":2339,"height":3308,"url":"https:\/\/armeriaeskola.eus\/wp-content\/uploads\/2019\/09\/ikastaro-katalogoa_2019-20-1.png","type":"image\/png"}],"author":"Administratzailea","twitter_card":"summary_large_image","twitter_creator":"@ArmeriaEskola","twitter_site":"@ArmeriaEskola","twitter_misc":{"Escrito por":"Administratzailea"},"schema":{"@context":"https:\/\/schema.org","@graph":[{"@type":"Article","@id":"https:\/\/armeriaeskola.eus\/es\/ya-disponible-el-calendario-2017-2018-de-los-cursos-para-trabajadoresas-y-desempleadosas-en-armeria-eskola-2\/#article","isPartOf":{"@id":"https:\/\/armeriaeskola.eus\/es\/ya-disponible-el-calendario-2017-2018-de-los-cursos-para-trabajadoresas-y-desempleadosas-en-armeria-eskola-2\/"},"author":{"name":"Administratzailea","@id":"https:\/\/armeriaeskola.eus\/#\/schema\/person\/556cc6ece953729a0ba6f78b66e54fc9"},"headline":"Calendario de los cursos de Armeria Eskola para el 2019-20","datePublished":"2019-09-04T07:13:20+00:00","dateModified":"2020-05-08T15:47:53+00:00","mainEntityOfPage":{"@id":"https:\/\/armeriaeskola.eus\/es\/ya-disponible-el-calendario-2017-2018-de-los-cursos-para-trabajadoresas-y-desempleadosas-en-armeria-eskola-2\/"},"wordCount":91,"publisher":{"@id":"https:\/\/armeriaeskola.eus\/#organization"},"image":{"@id":"https:\/\/armeriaeskola.eus\/es\/ya-disponible-el-calendario-2017-2018-de-los-cursos-para-trabajadoresas-y-desempleadosas-en-armeria-eskola-2\/#primaryimage"},"thumbnailUrl":"https:\/\/armeriaeskola.eus\/wp-content\/uploads\/2019\/09\/ikastaro-katalogoa_2019-20-1.png","articleSection":["Noticias-AE"],"inLanguage":"es"},{"@type":"WebPage","@id":"https:\/\/armeriaeskola.eus\/es\/ya-disponible-el-calendario-2017-2018-de-los-cursos-para-trabajadoresas-y-desempleadosas-en-armeria-eskola-2\/","url":"https:\/\/armeriaeskola.eus\/es\/ya-disponible-el-calendario-2017-2018-de-los-cursos-para-trabajadoresas-y-desempleadosas-en-armeria-eskola-2\/","name":"Calendario de los cursos de Armeria Eskola para el 2019-20 - Armeria Eskola","isPartOf":{"@id":"https:\/\/armeriaeskola.eus\/#website"},"primaryImageOfPage":{"@id":"https:\/\/armeriaeskola.eus\/es\/ya-disponible-el-calendario-2017-2018-de-los-cursos-para-trabajadoresas-y-desempleadosas-en-armeria-eskola-2\/#primaryimage"},"image":{"@id":"https:\/\/armeriaeskola.eus\/es\/ya-disponible-el-calendario-2017-2018-de-los-cursos-para-trabajadoresas-y-desempleadosas-en-armeria-eskola-2\/#primaryimage"},"thumbnailUrl":"https:\/\/armeriaeskola.eus\/wp-content\/uploads\/2019\/09\/ikastaro-katalogoa_2019-20-1.png","datePublished":"2019-09-04T07:13:20+00:00","dateModified":"2020-05-08T15:47:53+00:00","breadcrumb":{"@id":"https:\/\/armeriaeskola.eus\/es\/ya-disponible-el-calendario-2017-2018-de-los-cursos-para-trabajadoresas-y-desempleadosas-en-armeria-eskola-2\/#breadcrumb"},"inLanguage":"es","potentialAction":[{"@type":"ReadAction","target":["https:\/\/armeriaeskola.eus\/es\/ya-disponible-el-calendario-2017-2018-de-los-cursos-para-trabajadoresas-y-desempleadosas-en-armeria-eskola-2\/"]}]},{"@type":"ImageObject","inLanguage":"es","@id":"https:\/\/armeriaeskola.eus\/es\/ya-disponible-el-calendario-2017-2018-de-los-cursos-para-trabajadoresas-y-desempleadosas-en-armeria-eskola-2\/#primaryimage","url":"https:\/\/armeriaeskola.eus\/wp-content\/uploads\/2019\/09\/ikastaro-katalogoa_2019-20-1.png","contentUrl":"https:\/\/armeriaeskola.eus\/wp-content\/uploads\/2019\/09\/ikastaro-katalogoa_2019-20-1.png","width":2339,"height":3308},{"@type":"BreadcrumbList","@id":"https:\/\/armeriaeskola.eus\/es\/ya-disponible-el-calendario-2017-2018-de-los-cursos-para-trabajadoresas-y-desempleadosas-en-armeria-eskola-2\/#breadcrumb","itemListElement":[{"@type":"ListItem","position":1,"name":"Portada","item":"https:\/\/armeriaeskola.eus\/es\/"},{"@type":"ListItem","position":2,"name":"Calendario de los cursos de Armeria Eskola para el 2019-20"}]},{"@type":"WebSite","@id":"https:\/\/armeriaeskola.eus\/#website","url":"https:\/\/armeriaeskola.eus\/","name":"Armeria Eskola","description":"Centro Integral P\u00fablico de Formaci\u00f3n Profesional","publisher":{"@id":"https:\/\/armeriaeskola.eus\/#organization"},"potentialAction":[{"@type":"SearchAction","target":{"@type":"EntryPoint","urlTemplate":"https:\/\/armeriaeskola.eus\/?s={search_term_string}"},"query-input":{"@type":"PropertyValueSpecification","valueRequired":true,"valueName":"search_term_string"}}],"inLanguage":"es"},{"@type":"Organization","@id":"https:\/\/armeriaeskola.eus\/#organization","name":"Armeria Eskola","url":"https:\/\/armeriaeskola.eus\/","logo":{"@type":"ImageObject","inLanguage":"es","@id":"https:\/\/armeriaeskola.eus\/#\/schema\/logo\/image\/","url":"https:\/\/armeriaeskola.eus\/wp-content\/uploads\/armeria-eskola-youtube1.jpg","contentUrl":"https:\/\/armeriaeskola.eus\/wp-content\/uploads\/armeria-eskola-youtube1.jpg","width":1000,"height":501,"caption":"Armeria Eskola"},"image":{"@id":"https:\/\/armeriaeskola.eus\/#\/schema\/logo\/image\/"},"sameAs":["https:\/\/www.facebook.com\/armeriaeskola","https:\/\/x.com\/ArmeriaEskola","https:\/\/www.instagram.com\/armeriaeskola\/","https:\/\/www.linkedin.com\/company\/asociaciondearmeriaeskola\/","https:\/\/www.youtube.com\/user\/100armeriaeskola"]},{"@type":"Person","@id":"https:\/\/armeriaeskola.eus\/#\/schema\/person\/556cc6ece953729a0ba6f78b66e54fc9","name":"Administratzailea","image":{"@type":"ImageObject","inLanguage":"es","@id":"https:\/\/secure.gravatar.com\/avatar\/8b2e098c27974ed137406b913c3d1ad97e377132fd5a6545df4ff35523a1f3c9?s=96&d=mm&r=g","url":"https:\/\/secure.gravatar.com\/avatar\/8b2e098c27974ed137406b913c3d1ad97e377132fd5a6545df4ff35523a1f3c9?s=96&d=mm&r=g","contentUrl":"https:\/\/secure.gravatar.com\/avatar\/8b2e098c27974ed137406b913c3d1ad97e377132fd5a6545df4ff35523a1f3c9?s=96&d=mm&r=g","caption":"Administratzailea"}}]}},"_links":{"self":[{"href":"https:\/\/armeriaeskola.eus\/es\/wp-json\/wp\/v2\/posts\/4281","targetHints":{"allow":["GET"]}}],"collection":[{"href":"https:\/\/armeriaeskola.eus\/es\/wp-json\/wp\/v2\/posts"}],"about":[{"href":"https:\/\/armeriaeskola.eus\/es\/wp-json\/wp\/v2\/types\/post"}],"author":[{"embeddable":true,"href":"https:\/\/armeriaeskola.eus\/es\/wp-json\/wp\/v2\/users\/6"}],"replies":[{"embeddable":true,"href":"https:\/\/armeriaeskola.eus\/es\/wp-json\/wp\/v2\/comments?post=4281"}],"version-history":[{"count":0,"href":"https:\/\/armeriaeskola.eus\/es\/wp-json\/wp\/v2\/posts\/4281\/revisions"}],"wp:featuredmedia":[{"embeddable":true,"href":"https:\/\/armeriaeskola.eus\/es\/wp-json\/wp\/v2\/media\/4286"}],"wp:attachment":[{"href":"https:\/\/armeriaeskola.eus\/es\/wp-json\/wp\/v2\/media?parent=4281"}],"wp:term":[{"taxonomy":"category","embeddable":true,"href":"https:\/\/armeriaeskola.eus\/es\/wp-json\/wp\/v2\/categories?post=4281"},{"taxonomy":"post_tag","embeddable":true,"href":"https:\/\/armeriaeskola.eus\/es\/wp-json\/wp\/v2\/tags?post=4281"}],"curies":[{"name":"wp","href":"https:\/\/api.w.org\/{rel}","templated":true}]}}