{"id":4143,"date":"2019-05-10T09:46:50","date_gmt":"2019-05-10T09:46:50","guid":{"rendered":"\/es\/?p=4143"},"modified":"2023-01-12T10:35:34","modified_gmt":"2023-01-12T09:35:34","slug":"bazkidetza-ofiziala-emeu-programan","status":"publish","type":"post","link":"https:\/\/armeriaeskola.eus\/es\/bazkidetza-ofiziala-emeu-programan\/","title":{"rendered":"INGRESO OFICIAL DE ARMERIA ESKOLA EN EL PROGRAMA EMEU"},"content":{"rendered":"<p>Imanol Urreisti, director de Armeria Eskola, Alina Ivan, responsable del \u00e1rea de Internacionalizaci\u00f3n y Asier Gabilondo, jefe de departamento de electricidad participaron en el acto oficial de incorporaci\u00f3n al programa EMEU que se celebr\u00f3 el d\u00eda 9 de mayo en M\u00fanich. En dicho acto, Markus Meier, director de la escuela St\u00e4dtische Berufsschule, otorg\u00f3 a Armeria Eskola el certificado oficial de ingreso en el programa EMEU, que posibilita a nuestro alumnado a realizar cursos de tres semanas en cinco pa\u00edses europeos: Alemania, Dinamarca, Finlandia, Holanda y Reino Unido.\u00a0 As\u00ed mismo, el alumnado extranjero podr\u00e1 cursarlos en Armeria Eskola.<\/p>\n<p>La idea de entrar en el programa surgi\u00f3 el a\u00f1o pasado, cuando un grupo de profesores de Automatizaci\u00f3n y Rob\u00f3tica Industrial, visitaron Alemania para analizar las necesidades y exigencias de la industria 4.0. Fue all\u00ed donde prepararon los m\u00f3dulos de automatizaci\u00f3n junto con los profesores de la escuela de M\u00fanich. Acto seguido, se puso en marcha el programa piloto, en el cual 8 alumnos alemanes vinieron a Armeria Eskola a realizar un curso sobre aut\u00f3matas programables. Una vez evaluadas las reuniones del profesorado y la experiencia de los alumnos alemanes en Eibar, Armeria Eskola fue invitada oficialmente a entrar en el programa EMEU. La firma se formaliz\u00f3 el 9 de mayo en M\u00fanich, y gracias a ello, pr\u00f3ximo curso, el alumnado de Armer\u00eda Eskola realizar\u00e1 un curso de automatizaci\u00f3n en Alemania.<\/p>\n<p>Por el momento, el programa se limita al ciclo de Automatizaci\u00f3n y Rob\u00f3tica Industrial, pero el objetivo de Armeria Eskola es ampliarlo a otros ciclos, tales como: Mekatr\u00f3nica, Fabricaci\u00f3n Mec\u00e1nica y Sistemas de Telecomunicaciones e Inform\u00e1tica.<\/p>\n<p>&nbsp;<\/p>\n<p><strong>INTERNACIONALIZACI\u00d3N EN ARMERIA ESKOLA<\/strong><\/p>\n<p>Estos \u00faltimos a\u00f1os, Armeria Eskola est\u00e1 apostando firmemente por la internacionalizaci\u00f3n. Nuestros objetivos son la cooperaci\u00f3n ling\u00fc\u00edstica y cultural, el fortalecimiento de la autonom\u00eda y el liderazgo de nuestro alumnado y la formaci\u00f3n de profesionales con visi\u00f3n internacional. Comprometidos con la calidad y con la mejora continua, la cultura de la internacionalizaci\u00f3n es ya una realidad en nuestro centro.<\/p>\n<p>&nbsp;<\/p>\n<p><strong>Red de Internacionalizaci\u00f3n<\/strong><\/p>\n<p>Desde el curso 2004-2005 Armeria Eskola participa en varios proyectos internacionales que han ido creando una fuerte relaci\u00f3n con alumnos y profesores de diferentes pa\u00edses.<\/p>\n<p>Por una parte, hemos realizado un proyecto de cooperaci\u00f3n para la innovaci\u00f3n y el intercambio de buenas pr\u00e1cticas con centros de Polonia, Bulgaria y Turqu\u00eda. Por otra parte, hemos acogido alumnos belgas durante varios a\u00f1os, trabajando con ellos m\u00f3dulos de mecatr\u00f3nica y automatizaci\u00f3n industrial.<\/p>\n<p>Gracias a las <strong>becas Erasmus<\/strong> gestionadas por Ikaslan, nuestro alumnado tiene una oportunidad inmejorable para realizar las pr\u00e1cticas de trabajo en el extranjero (Irlanda, Polonia, Inglaterra) y conocer otras formas de &#8216;ser y hacer&#8217; antes de incorporarse al mundo laboral.<\/p>\n<p style=\"text-align: center;\"><a href=\"\/wp-content\/uploads\/2019\/05\/Mikel_Kortabarria_TIS2-1.jpg\"><img loading=\"lazy\" decoding=\"async\" width=\"768\" height=\"1024\" class=\"alignnone size-large wp-image-4150\" src=\"\/wp-content\/uploads\/2020\/05\/Mikel_Kortabarria_TIS2-1-768x1024.jpg\" alt=\"Mikel_Kortabarria_TIS2\" \/><\/a><\/p>\n<p>Por su parte, a trav\u00e9s del programa de movilidad Erasmus de la Uni\u00f3n Europea, nuestros profesores y profesoras acuden a centros escolares de Holanda, Finlandia, Reino Unido y otros pa\u00edses para observar su actividad diaria, aprender y compartir experiencias.<\/p>\n<p>La Asociaci\u00f3n de Antiguos Alumnos de la Escuela de Armer\u00eda, Armeria Eskola, inici\u00f3 el pasado a\u00f1o el proyecto de internacionalizaci\u00f3n <strong>Irasuegui,<\/strong> con el objetivo de dar respuesta a las demandas de los empresarios participantes. Desde el inicio, el proyecto ha contado con la colaboraci\u00f3n del Ayuntamiento de Eibar, la Fundaci\u00f3n SD Eibar y la Caixa. Esta ayuda econ\u00f3mica se dirige a las empresas y su objetivo es facilitar la contrataci\u00f3n del alumno que acaba de obtener el t\u00edtulo para que trabaje en filiales extranjeras de las empresas de aqu\u00ed.<\/p>\n","protected":false},"excerpt":{"rendered":"<p>Imanol Urreisti, director de Armeria Eskola, Alina Ivan, responsable del \u00e1rea de Internacionalizaci\u00f3n y Asier Gabilondo, jefe de departamento de electricidad participaron en el acto oficial de incorporaci\u00f3n al programa EMEU que se celebr\u00f3 el d\u00eda 9 de mayo en &hellip; <\/p>\n","protected":false},"author":6,"featured_media":14076,"comment_status":"closed","ping_status":"closed","sticky":false,"template":"","format":"standard","meta":{"_acf_changed":false,"rs_blank_template":"","rs_page_bg_color":"","slide_template_v7":"","footnotes":""},"categories":[331,1,215],"tags":[216,248,249,250],"class_list":["post-4143","post","type-post","status-publish","format-standard","has-post-thumbnail","hentry","category-internacionalizacion-cat","category-noticias-categoria","category-noticias-ae","tag-armeria-eskola-2","tag-emeu","tag-internacionalizacion","tag-munich"],"acf":[],"yoast_head":"<!-- This site is optimized with the Yoast SEO plugin v27.4 - https:\/\/yoast.com\/product\/yoast-seo-wordpress\/ -->\n<title>INGRESO OFICIAL DE ARMERIA ESKOLA EN EL PROGRAMA EMEU - Armeria Eskola<\/title>\n<meta name=\"robots\" content=\"index, follow, max-snippet:-1, max-image-preview:large, max-video-preview:-1\" \/>\n<link rel=\"canonical\" href=\"https:\/\/armeriaeskola.eus\/es\/bazkidetza-ofiziala-emeu-programan\/\" \/>\n<meta property=\"og:locale\" content=\"es_ES\" \/>\n<meta property=\"og:type\" content=\"article\" \/>\n<meta property=\"og:title\" content=\"INGRESO OFICIAL DE ARMERIA ESKOLA EN EL PROGRAMA EMEU - Armeria Eskola\" \/>\n<meta property=\"og:description\" content=\"Imanol Urreisti, director de Armeria Eskola, Alina Ivan, responsable del \u00e1rea de Internacionalizaci\u00f3n y Asier Gabilondo, jefe de departamento de electricidad participaron en el acto oficial de incorporaci\u00f3n al programa EMEU que se celebr\u00f3 el d\u00eda 9 de mayo en &hellip;\" \/>\n<meta property=\"og:url\" content=\"https:\/\/armeriaeskola.eus\/es\/bazkidetza-ofiziala-emeu-programan\/\" \/>\n<meta property=\"og:site_name\" content=\"Armeria Eskola\" \/>\n<meta property=\"article:publisher\" content=\"https:\/\/www.facebook.com\/armeriaeskola\" \/>\n<meta property=\"article:published_time\" content=\"2019-05-10T09:46:50+00:00\" \/>\n<meta property=\"article:modified_time\" content=\"2023-01-12T09:35:34+00:00\" \/>\n<meta property=\"og:image\" content=\"https:\/\/armeriaeskola.eus\/wp-content\/uploads\/2019\/05\/WhatsApp-Image-2019-05-09-at-13.15.57-1-1.jpeg\" \/>\n\t<meta property=\"og:image:width\" content=\"1225\" \/>\n\t<meta property=\"og:image:height\" content=\"721\" \/>\n\t<meta property=\"og:image:type\" content=\"image\/jpeg\" \/>\n<meta name=\"author\" content=\"Administratzailea\" \/>\n<meta name=\"twitter:card\" content=\"summary_large_image\" \/>\n<meta name=\"twitter:creator\" content=\"@ArmeriaEskola\" \/>\n<meta name=\"twitter:site\" content=\"@ArmeriaEskola\" \/>\n<meta name=\"twitter:label1\" content=\"Escrito por\" \/>\n\t<meta name=\"twitter:data1\" content=\"Administratzailea\" \/>\n\t<meta name=\"twitter:label2\" content=\"Tiempo de lectura\" \/>\n\t<meta name=\"twitter:data2\" content=\"3 minutos\" \/>\n<script type=\"application\/ld+json\" class=\"yoast-schema-graph\">{\"@context\":\"https:\\\/\\\/schema.org\",\"@graph\":[{\"@type\":\"Article\",\"@id\":\"https:\\\/\\\/armeriaeskola.eus\\\/es\\\/bazkidetza-ofiziala-emeu-programan\\\/#article\",\"isPartOf\":{\"@id\":\"https:\\\/\\\/armeriaeskola.eus\\\/es\\\/bazkidetza-ofiziala-emeu-programan\\\/\"},\"author\":{\"name\":\"Administratzailea\",\"@id\":\"https:\\\/\\\/armeriaeskola.eus\\\/#\\\/schema\\\/person\\\/556cc6ece953729a0ba6f78b66e54fc9\"},\"headline\":\"INGRESO OFICIAL DE ARMERIA ESKOLA EN EL PROGRAMA EMEU\",\"datePublished\":\"2019-05-10T09:46:50+00:00\",\"dateModified\":\"2023-01-12T09:35:34+00:00\",\"mainEntityOfPage\":{\"@id\":\"https:\\\/\\\/armeriaeskola.eus\\\/es\\\/bazkidetza-ofiziala-emeu-programan\\\/\"},\"wordCount\":630,\"publisher\":{\"@id\":\"https:\\\/\\\/armeriaeskola.eus\\\/#organization\"},\"image\":{\"@id\":\"https:\\\/\\\/armeriaeskola.eus\\\/es\\\/bazkidetza-ofiziala-emeu-programan\\\/#primaryimage\"},\"thumbnailUrl\":\"https:\\\/\\\/armeriaeskola.eus\\\/wp-content\\\/uploads\\\/2019\\\/05\\\/WhatsApp-Image-2019-05-09-at-13.15.57-1-1.jpeg\",\"keywords\":[\"Armeria Eskola\",\"emeu\",\"internacionalizaci\u00f3n\",\"munich\"],\"articleSection\":[\"Internacionalizaci\u00f3n\",\"Noticias\",\"Noticias-AE\"],\"inLanguage\":\"es\"},{\"@type\":\"WebPage\",\"@id\":\"https:\\\/\\\/armeriaeskola.eus\\\/es\\\/bazkidetza-ofiziala-emeu-programan\\\/\",\"url\":\"https:\\\/\\\/armeriaeskola.eus\\\/es\\\/bazkidetza-ofiziala-emeu-programan\\\/\",\"name\":\"INGRESO OFICIAL DE ARMERIA ESKOLA EN EL PROGRAMA EMEU - Armeria Eskola\",\"isPartOf\":{\"@id\":\"https:\\\/\\\/armeriaeskola.eus\\\/#website\"},\"primaryImageOfPage\":{\"@id\":\"https:\\\/\\\/armeriaeskola.eus\\\/es\\\/bazkidetza-ofiziala-emeu-programan\\\/#primaryimage\"},\"image\":{\"@id\":\"https:\\\/\\\/armeriaeskola.eus\\\/es\\\/bazkidetza-ofiziala-emeu-programan\\\/#primaryimage\"},\"thumbnailUrl\":\"https:\\\/\\\/armeriaeskola.eus\\\/wp-content\\\/uploads\\\/2019\\\/05\\\/WhatsApp-Image-2019-05-09-at-13.15.57-1-1.jpeg\",\"datePublished\":\"2019-05-10T09:46:50+00:00\",\"dateModified\":\"2023-01-12T09:35:34+00:00\",\"breadcrumb\":{\"@id\":\"https:\\\/\\\/armeriaeskola.eus\\\/es\\\/bazkidetza-ofiziala-emeu-programan\\\/#breadcrumb\"},\"inLanguage\":\"es\",\"potentialAction\":[{\"@type\":\"ReadAction\",\"target\":[\"https:\\\/\\\/armeriaeskola.eus\\\/es\\\/bazkidetza-ofiziala-emeu-programan\\\/\"]}]},{\"@type\":\"ImageObject\",\"inLanguage\":\"es\",\"@id\":\"https:\\\/\\\/armeriaeskola.eus\\\/es\\\/bazkidetza-ofiziala-emeu-programan\\\/#primaryimage\",\"url\":\"https:\\\/\\\/armeriaeskola.eus\\\/wp-content\\\/uploads\\\/2019\\\/05\\\/WhatsApp-Image-2019-05-09-at-13.15.57-1-1.jpeg\",\"contentUrl\":\"https:\\\/\\\/armeriaeskola.eus\\\/wp-content\\\/uploads\\\/2019\\\/05\\\/WhatsApp-Image-2019-05-09-at-13.15.57-1-1.jpeg\",\"width\":1225,\"height\":721},{\"@type\":\"BreadcrumbList\",\"@id\":\"https:\\\/\\\/armeriaeskola.eus\\\/es\\\/bazkidetza-ofiziala-emeu-programan\\\/#breadcrumb\",\"itemListElement\":[{\"@type\":\"ListItem\",\"position\":1,\"name\":\"Portada\",\"item\":\"https:\\\/\\\/armeriaeskola.eus\\\/es\\\/\"},{\"@type\":\"ListItem\",\"position\":2,\"name\":\"INGRESO OFICIAL DE ARMERIA ESKOLA EN EL PROGRAMA EMEU\"}]},{\"@type\":\"WebSite\",\"@id\":\"https:\\\/\\\/armeriaeskola.eus\\\/#website\",\"url\":\"https:\\\/\\\/armeriaeskola.eus\\\/\",\"name\":\"Armeria Eskola\",\"description\":\"Centro Integral P\u00fablico de Formaci\u00f3n Profesional\",\"publisher\":{\"@id\":\"https:\\\/\\\/armeriaeskola.eus\\\/#organization\"},\"potentialAction\":[{\"@type\":\"SearchAction\",\"target\":{\"@type\":\"EntryPoint\",\"urlTemplate\":\"https:\\\/\\\/armeriaeskola.eus\\\/?s={search_term_string}\"},\"query-input\":{\"@type\":\"PropertyValueSpecification\",\"valueRequired\":true,\"valueName\":\"search_term_string\"}}],\"inLanguage\":\"es\"},{\"@type\":\"Organization\",\"@id\":\"https:\\\/\\\/armeriaeskola.eus\\\/#organization\",\"name\":\"Armeria Eskola\",\"url\":\"https:\\\/\\\/armeriaeskola.eus\\\/\",\"logo\":{\"@type\":\"ImageObject\",\"inLanguage\":\"es\",\"@id\":\"https:\\\/\\\/armeriaeskola.eus\\\/#\\\/schema\\\/logo\\\/image\\\/\",\"url\":\"https:\\\/\\\/armeriaeskola.eus\\\/wp-content\\\/uploads\\\/armeria-eskola-youtube1.jpg\",\"contentUrl\":\"https:\\\/\\\/armeriaeskola.eus\\\/wp-content\\\/uploads\\\/armeria-eskola-youtube1.jpg\",\"width\":1000,\"height\":501,\"caption\":\"Armeria Eskola\"},\"image\":{\"@id\":\"https:\\\/\\\/armeriaeskola.eus\\\/#\\\/schema\\\/logo\\\/image\\\/\"},\"sameAs\":[\"https:\\\/\\\/www.facebook.com\\\/armeriaeskola\",\"https:\\\/\\\/x.com\\\/ArmeriaEskola\",\"https:\\\/\\\/www.instagram.com\\\/armeriaeskola\\\/\",\"https:\\\/\\\/www.linkedin.com\\\/company\\\/asociaciondearmeriaeskola\\\/\",\"https:\\\/\\\/www.youtube.com\\\/user\\\/100armeriaeskola\"]},{\"@type\":\"Person\",\"@id\":\"https:\\\/\\\/armeriaeskola.eus\\\/#\\\/schema\\\/person\\\/556cc6ece953729a0ba6f78b66e54fc9\",\"name\":\"Administratzailea\",\"image\":{\"@type\":\"ImageObject\",\"inLanguage\":\"es\",\"@id\":\"https:\\\/\\\/secure.gravatar.com\\\/avatar\\\/8b2e098c27974ed137406b913c3d1ad97e377132fd5a6545df4ff35523a1f3c9?s=96&d=mm&r=g\",\"url\":\"https:\\\/\\\/secure.gravatar.com\\\/avatar\\\/8b2e098c27974ed137406b913c3d1ad97e377132fd5a6545df4ff35523a1f3c9?s=96&d=mm&r=g\",\"contentUrl\":\"https:\\\/\\\/secure.gravatar.com\\\/avatar\\\/8b2e098c27974ed137406b913c3d1ad97e377132fd5a6545df4ff35523a1f3c9?s=96&d=mm&r=g\",\"caption\":\"Administratzailea\"}}]}<\/script>\n<!-- \/ Yoast SEO plugin. -->","yoast_head_json":{"title":"INGRESO OFICIAL DE ARMERIA ESKOLA EN EL PROGRAMA EMEU - Armeria Eskola","robots":{"index":"index","follow":"follow","max-snippet":"max-snippet:-1","max-image-preview":"max-image-preview:large","max-video-preview":"max-video-preview:-1"},"canonical":"https:\/\/armeriaeskola.eus\/es\/bazkidetza-ofiziala-emeu-programan\/","og_locale":"es_ES","og_type":"article","og_title":"INGRESO OFICIAL DE ARMERIA ESKOLA EN EL PROGRAMA EMEU - Armeria Eskola","og_description":"Imanol Urreisti, director de Armeria Eskola, Alina Ivan, responsable del \u00e1rea de Internacionalizaci\u00f3n y Asier Gabilondo, jefe de departamento de electricidad participaron en el acto oficial de incorporaci\u00f3n al programa EMEU que se celebr\u00f3 el d\u00eda 9 de mayo en &hellip;","og_url":"https:\/\/armeriaeskola.eus\/es\/bazkidetza-ofiziala-emeu-programan\/","og_site_name":"Armeria Eskola","article_publisher":"https:\/\/www.facebook.com\/armeriaeskola","article_published_time":"2019-05-10T09:46:50+00:00","article_modified_time":"2023-01-12T09:35:34+00:00","og_image":[{"width":1225,"height":721,"url":"https:\/\/armeriaeskola.eus\/wp-content\/uploads\/2019\/05\/WhatsApp-Image-2019-05-09-at-13.15.57-1-1.jpeg","type":"image\/jpeg"}],"author":"Administratzailea","twitter_card":"summary_large_image","twitter_creator":"@ArmeriaEskola","twitter_site":"@ArmeriaEskola","twitter_misc":{"Escrito por":"Administratzailea","Tiempo de lectura":"3 minutos"},"schema":{"@context":"https:\/\/schema.org","@graph":[{"@type":"Article","@id":"https:\/\/armeriaeskola.eus\/es\/bazkidetza-ofiziala-emeu-programan\/#article","isPartOf":{"@id":"https:\/\/armeriaeskola.eus\/es\/bazkidetza-ofiziala-emeu-programan\/"},"author":{"name":"Administratzailea","@id":"https:\/\/armeriaeskola.eus\/#\/schema\/person\/556cc6ece953729a0ba6f78b66e54fc9"},"headline":"INGRESO OFICIAL DE ARMERIA ESKOLA EN EL PROGRAMA EMEU","datePublished":"2019-05-10T09:46:50+00:00","dateModified":"2023-01-12T09:35:34+00:00","mainEntityOfPage":{"@id":"https:\/\/armeriaeskola.eus\/es\/bazkidetza-ofiziala-emeu-programan\/"},"wordCount":630,"publisher":{"@id":"https:\/\/armeriaeskola.eus\/#organization"},"image":{"@id":"https:\/\/armeriaeskola.eus\/es\/bazkidetza-ofiziala-emeu-programan\/#primaryimage"},"thumbnailUrl":"https:\/\/armeriaeskola.eus\/wp-content\/uploads\/2019\/05\/WhatsApp-Image-2019-05-09-at-13.15.57-1-1.jpeg","keywords":["Armeria Eskola","emeu","internacionalizaci\u00f3n","munich"],"articleSection":["Internacionalizaci\u00f3n","Noticias","Noticias-AE"],"inLanguage":"es"},{"@type":"WebPage","@id":"https:\/\/armeriaeskola.eus\/es\/bazkidetza-ofiziala-emeu-programan\/","url":"https:\/\/armeriaeskola.eus\/es\/bazkidetza-ofiziala-emeu-programan\/","name":"INGRESO OFICIAL DE ARMERIA ESKOLA EN EL PROGRAMA EMEU - Armeria Eskola","isPartOf":{"@id":"https:\/\/armeriaeskola.eus\/#website"},"primaryImageOfPage":{"@id":"https:\/\/armeriaeskola.eus\/es\/bazkidetza-ofiziala-emeu-programan\/#primaryimage"},"image":{"@id":"https:\/\/armeriaeskola.eus\/es\/bazkidetza-ofiziala-emeu-programan\/#primaryimage"},"thumbnailUrl":"https:\/\/armeriaeskola.eus\/wp-content\/uploads\/2019\/05\/WhatsApp-Image-2019-05-09-at-13.15.57-1-1.jpeg","datePublished":"2019-05-10T09:46:50+00:00","dateModified":"2023-01-12T09:35:34+00:00","breadcrumb":{"@id":"https:\/\/armeriaeskola.eus\/es\/bazkidetza-ofiziala-emeu-programan\/#breadcrumb"},"inLanguage":"es","potentialAction":[{"@type":"ReadAction","target":["https:\/\/armeriaeskola.eus\/es\/bazkidetza-ofiziala-emeu-programan\/"]}]},{"@type":"ImageObject","inLanguage":"es","@id":"https:\/\/armeriaeskola.eus\/es\/bazkidetza-ofiziala-emeu-programan\/#primaryimage","url":"https:\/\/armeriaeskola.eus\/wp-content\/uploads\/2019\/05\/WhatsApp-Image-2019-05-09-at-13.15.57-1-1.jpeg","contentUrl":"https:\/\/armeriaeskola.eus\/wp-content\/uploads\/2019\/05\/WhatsApp-Image-2019-05-09-at-13.15.57-1-1.jpeg","width":1225,"height":721},{"@type":"BreadcrumbList","@id":"https:\/\/armeriaeskola.eus\/es\/bazkidetza-ofiziala-emeu-programan\/#breadcrumb","itemListElement":[{"@type":"ListItem","position":1,"name":"Portada","item":"https:\/\/armeriaeskola.eus\/es\/"},{"@type":"ListItem","position":2,"name":"INGRESO OFICIAL DE ARMERIA ESKOLA EN EL PROGRAMA EMEU"}]},{"@type":"WebSite","@id":"https:\/\/armeriaeskola.eus\/#website","url":"https:\/\/armeriaeskola.eus\/","name":"Armeria Eskola","description":"Centro Integral P\u00fablico de Formaci\u00f3n Profesional","publisher":{"@id":"https:\/\/armeriaeskola.eus\/#organization"},"potentialAction":[{"@type":"SearchAction","target":{"@type":"EntryPoint","urlTemplate":"https:\/\/armeriaeskola.eus\/?s={search_term_string}"},"query-input":{"@type":"PropertyValueSpecification","valueRequired":true,"valueName":"search_term_string"}}],"inLanguage":"es"},{"@type":"Organization","@id":"https:\/\/armeriaeskola.eus\/#organization","name":"Armeria Eskola","url":"https:\/\/armeriaeskola.eus\/","logo":{"@type":"ImageObject","inLanguage":"es","@id":"https:\/\/armeriaeskola.eus\/#\/schema\/logo\/image\/","url":"https:\/\/armeriaeskola.eus\/wp-content\/uploads\/armeria-eskola-youtube1.jpg","contentUrl":"https:\/\/armeriaeskola.eus\/wp-content\/uploads\/armeria-eskola-youtube1.jpg","width":1000,"height":501,"caption":"Armeria Eskola"},"image":{"@id":"https:\/\/armeriaeskola.eus\/#\/schema\/logo\/image\/"},"sameAs":["https:\/\/www.facebook.com\/armeriaeskola","https:\/\/x.com\/ArmeriaEskola","https:\/\/www.instagram.com\/armeriaeskola\/","https:\/\/www.linkedin.com\/company\/asociaciondearmeriaeskola\/","https:\/\/www.youtube.com\/user\/100armeriaeskola"]},{"@type":"Person","@id":"https:\/\/armeriaeskola.eus\/#\/schema\/person\/556cc6ece953729a0ba6f78b66e54fc9","name":"Administratzailea","image":{"@type":"ImageObject","inLanguage":"es","@id":"https:\/\/secure.gravatar.com\/avatar\/8b2e098c27974ed137406b913c3d1ad97e377132fd5a6545df4ff35523a1f3c9?s=96&d=mm&r=g","url":"https:\/\/secure.gravatar.com\/avatar\/8b2e098c27974ed137406b913c3d1ad97e377132fd5a6545df4ff35523a1f3c9?s=96&d=mm&r=g","contentUrl":"https:\/\/secure.gravatar.com\/avatar\/8b2e098c27974ed137406b913c3d1ad97e377132fd5a6545df4ff35523a1f3c9?s=96&d=mm&r=g","caption":"Administratzailea"}}]}},"_links":{"self":[{"href":"https:\/\/armeriaeskola.eus\/es\/wp-json\/wp\/v2\/posts\/4143","targetHints":{"allow":["GET"]}}],"collection":[{"href":"https:\/\/armeriaeskola.eus\/es\/wp-json\/wp\/v2\/posts"}],"about":[{"href":"https:\/\/armeriaeskola.eus\/es\/wp-json\/wp\/v2\/types\/post"}],"author":[{"embeddable":true,"href":"https:\/\/armeriaeskola.eus\/es\/wp-json\/wp\/v2\/users\/6"}],"replies":[{"embeddable":true,"href":"https:\/\/armeriaeskola.eus\/es\/wp-json\/wp\/v2\/comments?post=4143"}],"version-history":[{"count":1,"href":"https:\/\/armeriaeskola.eus\/es\/wp-json\/wp\/v2\/posts\/4143\/revisions"}],"predecessor-version":[{"id":17391,"href":"https:\/\/armeriaeskola.eus\/es\/wp-json\/wp\/v2\/posts\/4143\/revisions\/17391"}],"wp:featuredmedia":[{"embeddable":true,"href":"https:\/\/armeriaeskola.eus\/es\/wp-json\/wp\/v2\/media\/14076"}],"wp:attachment":[{"href":"https:\/\/armeriaeskola.eus\/es\/wp-json\/wp\/v2\/media?parent=4143"}],"wp:term":[{"taxonomy":"category","embeddable":true,"href":"https:\/\/armeriaeskola.eus\/es\/wp-json\/wp\/v2\/categories?post=4143"},{"taxonomy":"post_tag","embeddable":true,"href":"https:\/\/armeriaeskola.eus\/es\/wp-json\/wp\/v2\/tags?post=4143"}],"curies":[{"name":"wp","href":"https:\/\/api.w.org\/{rel}","templated":true}]}}