{"id":27591,"date":"2026-04-27T20:49:37","date_gmt":"2026-04-27T18:49:37","guid":{"rendered":"https:\/\/armeriaeskola.eus\/?p=27591"},"modified":"2026-04-27T20:49:37","modified_gmt":"2026-04-27T18:49:37","slug":"el-talento-que-se-forma-en-armeria-eskola-impulsa-el-empleo","status":"publish","type":"post","link":"https:\/\/armeriaeskola.eus\/es\/el-talento-que-se-forma-en-armeria-eskola-impulsa-el-empleo\/","title":{"rendered":"El talento que se forma en Armeria Eskola impulsa el empleo"},"content":{"rendered":"<p><b>La tasa de ocupaci\u00f3n del alumnado a los seis meses de finalizar sus estudios es del 85%\u00a0<\/b><\/p>\n<p><span style=\"font-weight: 400;\">Los \u00faltimos datos analizados por el Servicio de Bolsa de Trabajo de Armeria Eskola confirman una evoluci\u00f3n muy positiva en la inserci\u00f3n laboral del alumnado del centro. La tasa de ocupaci\u00f3n de los \u00faltimos titulados, Junio de 2025, alcanza el 85% (datos obtenidos seis meses despu\u00e9s de finalizar los estudios), mejorando el 83% del a\u00f1o anterior. En 2025 se titularon 259 alumnos teniendo en cuenta los grados D y E de Armeria Eskola, de los cuales se ha conseguido contactar con 230 y conseguir la tasa de ocupaci\u00f3n mencionada anteriormente.\u00a0<\/span><\/p>\n<p><span style=\"font-weight: 400;\">Otro dato importante es la continuidad de los alumnos en las empresas en las que han hecho la Dual. El 60% de los estudiantes que se han titulado en junio de 2025 siguen trabajando en la misma empresa en la que han realizado la Dual intensiva o general. De esta forma, se consolida el v\u00ednculo entre el centro y el tejido empresarial.<\/span><\/p>\n","protected":false},"excerpt":{"rendered":"<p>La tasa de ocupaci\u00f3n del alumnado a los seis meses de finalizar sus estudios es del 85%\u00a0 Los \u00faltimos datos analizados por el Servicio de Bolsa de Trabajo de Armeria Eskola confirman una evoluci\u00f3n muy positiva en la inserci\u00f3n laboral &hellip; <\/p>\n","protected":false},"author":6,"featured_media":27592,"comment_status":"closed","ping_status":"closed","sticky":false,"template":"","format":"standard","meta":{"_acf_changed":false,"rs_blank_template":"","rs_page_bg_color":"","slide_template_v7":"","footnotes":""},"categories":[1],"tags":[],"class_list":["post-27591","post","type-post","status-publish","format-standard","has-post-thumbnail","hentry","category-noticias-categoria"],"acf":[],"yoast_head":"<!-- This site is optimized with the Yoast SEO plugin v27.4 - https:\/\/yoast.com\/product\/yoast-seo-wordpress\/ -->\n<title>El talento que se forma en Armeria Eskola impulsa el empleo - Armeria Eskola<\/title>\n<meta name=\"robots\" content=\"index, follow, max-snippet:-1, max-image-preview:large, max-video-preview:-1\" \/>\n<link rel=\"canonical\" href=\"https:\/\/armeriaeskola.eus\/es\/el-talento-que-se-forma-en-armeria-eskola-impulsa-el-empleo\/\" \/>\n<meta property=\"og:locale\" content=\"es_ES\" \/>\n<meta property=\"og:type\" content=\"article\" \/>\n<meta property=\"og:title\" content=\"El talento que se forma en Armeria Eskola impulsa el empleo - Armeria Eskola\" \/>\n<meta property=\"og:description\" content=\"La tasa de ocupaci\u00f3n del alumnado a los seis meses de finalizar sus estudios es del 85%\u00a0 Los \u00faltimos datos analizados por el Servicio de Bolsa de Trabajo de Armeria Eskola confirman una evoluci\u00f3n muy positiva en la inserci\u00f3n laboral &hellip;\" \/>\n<meta property=\"og:url\" content=\"https:\/\/armeriaeskola.eus\/es\/el-talento-que-se-forma-en-armeria-eskola-impulsa-el-empleo\/\" \/>\n<meta property=\"og:site_name\" content=\"Armeria Eskola\" \/>\n<meta property=\"article:publisher\" content=\"https:\/\/www.facebook.com\/armeriaeskola\" \/>\n<meta property=\"article:published_time\" content=\"2026-04-27T18:49:37+00:00\" \/>\n<meta property=\"og:image\" content=\"https:\/\/armeriaeskola.eus\/wp-content\/uploads\/68625616084b1.r_d.1000-666-6000.jpeg\" \/>\n\t<meta property=\"og:image:width\" content=\"1200\" \/>\n\t<meta property=\"og:image:height\" content=\"675\" \/>\n\t<meta property=\"og:image:type\" content=\"image\/jpeg\" \/>\n<meta name=\"author\" content=\"Administratzailea\" \/>\n<meta name=\"twitter:card\" content=\"summary_large_image\" \/>\n<meta name=\"twitter:creator\" content=\"@ArmeriaEskola\" \/>\n<meta name=\"twitter:site\" content=\"@ArmeriaEskola\" \/>\n<meta name=\"twitter:label1\" content=\"Escrito por\" \/>\n\t<meta name=\"twitter:data1\" content=\"Administratzailea\" \/>\n\t<meta name=\"twitter:label2\" content=\"Tiempo de lectura\" \/>\n\t<meta name=\"twitter:data2\" content=\"2 minutos\" \/>\n<script type=\"application\/ld+json\" class=\"yoast-schema-graph\">{\"@context\":\"https:\\\/\\\/schema.org\",\"@graph\":[{\"@type\":\"Article\",\"@id\":\"https:\\\/\\\/armeriaeskola.eus\\\/es\\\/el-talento-que-se-forma-en-armeria-eskola-impulsa-el-empleo\\\/#article\",\"isPartOf\":{\"@id\":\"https:\\\/\\\/armeriaeskola.eus\\\/es\\\/el-talento-que-se-forma-en-armeria-eskola-impulsa-el-empleo\\\/\"},\"author\":{\"name\":\"Administratzailea\",\"@id\":\"https:\\\/\\\/armeriaeskola.eus\\\/#\\\/schema\\\/person\\\/556cc6ece953729a0ba6f78b66e54fc9\"},\"headline\":\"El talento que se forma en Armeria Eskola impulsa el empleo\",\"datePublished\":\"2026-04-27T18:49:37+00:00\",\"mainEntityOfPage\":{\"@id\":\"https:\\\/\\\/armeriaeskola.eus\\\/es\\\/el-talento-que-se-forma-en-armeria-eskola-impulsa-el-empleo\\\/\"},\"wordCount\":179,\"publisher\":{\"@id\":\"https:\\\/\\\/armeriaeskola.eus\\\/#organization\"},\"image\":{\"@id\":\"https:\\\/\\\/armeriaeskola.eus\\\/es\\\/el-talento-que-se-forma-en-armeria-eskola-impulsa-el-empleo\\\/#primaryimage\"},\"thumbnailUrl\":\"https:\\\/\\\/armeriaeskola.eus\\\/wp-content\\\/uploads\\\/68625616084b1.r_d.1000-666-6000.jpeg\",\"articleSection\":[\"Noticias\"],\"inLanguage\":\"es\"},{\"@type\":\"WebPage\",\"@id\":\"https:\\\/\\\/armeriaeskola.eus\\\/es\\\/el-talento-que-se-forma-en-armeria-eskola-impulsa-el-empleo\\\/\",\"url\":\"https:\\\/\\\/armeriaeskola.eus\\\/es\\\/el-talento-que-se-forma-en-armeria-eskola-impulsa-el-empleo\\\/\",\"name\":\"El talento que se forma en Armeria Eskola impulsa el empleo - Armeria Eskola\",\"isPartOf\":{\"@id\":\"https:\\\/\\\/armeriaeskola.eus\\\/#website\"},\"primaryImageOfPage\":{\"@id\":\"https:\\\/\\\/armeriaeskola.eus\\\/es\\\/el-talento-que-se-forma-en-armeria-eskola-impulsa-el-empleo\\\/#primaryimage\"},\"image\":{\"@id\":\"https:\\\/\\\/armeriaeskola.eus\\\/es\\\/el-talento-que-se-forma-en-armeria-eskola-impulsa-el-empleo\\\/#primaryimage\"},\"thumbnailUrl\":\"https:\\\/\\\/armeriaeskola.eus\\\/wp-content\\\/uploads\\\/68625616084b1.r_d.1000-666-6000.jpeg\",\"datePublished\":\"2026-04-27T18:49:37+00:00\",\"breadcrumb\":{\"@id\":\"https:\\\/\\\/armeriaeskola.eus\\\/es\\\/el-talento-que-se-forma-en-armeria-eskola-impulsa-el-empleo\\\/#breadcrumb\"},\"inLanguage\":\"es\",\"potentialAction\":[{\"@type\":\"ReadAction\",\"target\":[\"https:\\\/\\\/armeriaeskola.eus\\\/es\\\/el-talento-que-se-forma-en-armeria-eskola-impulsa-el-empleo\\\/\"]}]},{\"@type\":\"ImageObject\",\"inLanguage\":\"es\",\"@id\":\"https:\\\/\\\/armeriaeskola.eus\\\/es\\\/el-talento-que-se-forma-en-armeria-eskola-impulsa-el-empleo\\\/#primaryimage\",\"url\":\"https:\\\/\\\/armeriaeskola.eus\\\/wp-content\\\/uploads\\\/68625616084b1.r_d.1000-666-6000.jpeg\",\"contentUrl\":\"https:\\\/\\\/armeriaeskola.eus\\\/wp-content\\\/uploads\\\/68625616084b1.r_d.1000-666-6000.jpeg\",\"width\":1200,\"height\":675},{\"@type\":\"BreadcrumbList\",\"@id\":\"https:\\\/\\\/armeriaeskola.eus\\\/es\\\/el-talento-que-se-forma-en-armeria-eskola-impulsa-el-empleo\\\/#breadcrumb\",\"itemListElement\":[{\"@type\":\"ListItem\",\"position\":1,\"name\":\"Portada\",\"item\":\"https:\\\/\\\/armeriaeskola.eus\\\/es\\\/\"},{\"@type\":\"ListItem\",\"position\":2,\"name\":\"El talento que se forma en Armeria Eskola impulsa el empleo\"}]},{\"@type\":\"WebSite\",\"@id\":\"https:\\\/\\\/armeriaeskola.eus\\\/#website\",\"url\":\"https:\\\/\\\/armeriaeskola.eus\\\/\",\"name\":\"Armeria Eskola\",\"description\":\"Centro Integral P\u00fablico de Formaci\u00f3n Profesional\",\"publisher\":{\"@id\":\"https:\\\/\\\/armeriaeskola.eus\\\/#organization\"},\"potentialAction\":[{\"@type\":\"SearchAction\",\"target\":{\"@type\":\"EntryPoint\",\"urlTemplate\":\"https:\\\/\\\/armeriaeskola.eus\\\/?s={search_term_string}\"},\"query-input\":{\"@type\":\"PropertyValueSpecification\",\"valueRequired\":true,\"valueName\":\"search_term_string\"}}],\"inLanguage\":\"es\"},{\"@type\":\"Organization\",\"@id\":\"https:\\\/\\\/armeriaeskola.eus\\\/#organization\",\"name\":\"Armeria Eskola\",\"url\":\"https:\\\/\\\/armeriaeskola.eus\\\/\",\"logo\":{\"@type\":\"ImageObject\",\"inLanguage\":\"es\",\"@id\":\"https:\\\/\\\/armeriaeskola.eus\\\/#\\\/schema\\\/logo\\\/image\\\/\",\"url\":\"https:\\\/\\\/armeriaeskola.eus\\\/wp-content\\\/uploads\\\/armeria-eskola-youtube1.jpg\",\"contentUrl\":\"https:\\\/\\\/armeriaeskola.eus\\\/wp-content\\\/uploads\\\/armeria-eskola-youtube1.jpg\",\"width\":1000,\"height\":501,\"caption\":\"Armeria Eskola\"},\"image\":{\"@id\":\"https:\\\/\\\/armeriaeskola.eus\\\/#\\\/schema\\\/logo\\\/image\\\/\"},\"sameAs\":[\"https:\\\/\\\/www.facebook.com\\\/armeriaeskola\",\"https:\\\/\\\/x.com\\\/ArmeriaEskola\",\"https:\\\/\\\/www.instagram.com\\\/armeriaeskola\\\/\",\"https:\\\/\\\/www.linkedin.com\\\/company\\\/asociaciondearmeriaeskola\\\/\",\"https:\\\/\\\/www.youtube.com\\\/user\\\/100armeriaeskola\"]},{\"@type\":\"Person\",\"@id\":\"https:\\\/\\\/armeriaeskola.eus\\\/#\\\/schema\\\/person\\\/556cc6ece953729a0ba6f78b66e54fc9\",\"name\":\"Administratzailea\",\"image\":{\"@type\":\"ImageObject\",\"inLanguage\":\"es\",\"@id\":\"https:\\\/\\\/secure.gravatar.com\\\/avatar\\\/8b2e098c27974ed137406b913c3d1ad97e377132fd5a6545df4ff35523a1f3c9?s=96&d=mm&r=g\",\"url\":\"https:\\\/\\\/secure.gravatar.com\\\/avatar\\\/8b2e098c27974ed137406b913c3d1ad97e377132fd5a6545df4ff35523a1f3c9?s=96&d=mm&r=g\",\"contentUrl\":\"https:\\\/\\\/secure.gravatar.com\\\/avatar\\\/8b2e098c27974ed137406b913c3d1ad97e377132fd5a6545df4ff35523a1f3c9?s=96&d=mm&r=g\",\"caption\":\"Administratzailea\"}}]}<\/script>\n<!-- \/ Yoast SEO plugin. -->","yoast_head_json":{"title":"El talento que se forma en Armeria Eskola impulsa el empleo - Armeria Eskola","robots":{"index":"index","follow":"follow","max-snippet":"max-snippet:-1","max-image-preview":"max-image-preview:large","max-video-preview":"max-video-preview:-1"},"canonical":"https:\/\/armeriaeskola.eus\/es\/el-talento-que-se-forma-en-armeria-eskola-impulsa-el-empleo\/","og_locale":"es_ES","og_type":"article","og_title":"El talento que se forma en Armeria Eskola impulsa el empleo - Armeria Eskola","og_description":"La tasa de ocupaci\u00f3n del alumnado a los seis meses de finalizar sus estudios es del 85%\u00a0 Los \u00faltimos datos analizados por el Servicio de Bolsa de Trabajo de Armeria Eskola confirman una evoluci\u00f3n muy positiva en la inserci\u00f3n laboral &hellip;","og_url":"https:\/\/armeriaeskola.eus\/es\/el-talento-que-se-forma-en-armeria-eskola-impulsa-el-empleo\/","og_site_name":"Armeria Eskola","article_publisher":"https:\/\/www.facebook.com\/armeriaeskola","article_published_time":"2026-04-27T18:49:37+00:00","og_image":[{"width":1200,"height":675,"url":"https:\/\/armeriaeskola.eus\/wp-content\/uploads\/68625616084b1.r_d.1000-666-6000.jpeg","type":"image\/jpeg"}],"author":"Administratzailea","twitter_card":"summary_large_image","twitter_creator":"@ArmeriaEskola","twitter_site":"@ArmeriaEskola","twitter_misc":{"Escrito por":"Administratzailea","Tiempo de lectura":"2 minutos"},"schema":{"@context":"https:\/\/schema.org","@graph":[{"@type":"Article","@id":"https:\/\/armeriaeskola.eus\/es\/el-talento-que-se-forma-en-armeria-eskola-impulsa-el-empleo\/#article","isPartOf":{"@id":"https:\/\/armeriaeskola.eus\/es\/el-talento-que-se-forma-en-armeria-eskola-impulsa-el-empleo\/"},"author":{"name":"Administratzailea","@id":"https:\/\/armeriaeskola.eus\/#\/schema\/person\/556cc6ece953729a0ba6f78b66e54fc9"},"headline":"El talento que se forma en Armeria Eskola impulsa el empleo","datePublished":"2026-04-27T18:49:37+00:00","mainEntityOfPage":{"@id":"https:\/\/armeriaeskola.eus\/es\/el-talento-que-se-forma-en-armeria-eskola-impulsa-el-empleo\/"},"wordCount":179,"publisher":{"@id":"https:\/\/armeriaeskola.eus\/#organization"},"image":{"@id":"https:\/\/armeriaeskola.eus\/es\/el-talento-que-se-forma-en-armeria-eskola-impulsa-el-empleo\/#primaryimage"},"thumbnailUrl":"https:\/\/armeriaeskola.eus\/wp-content\/uploads\/68625616084b1.r_d.1000-666-6000.jpeg","articleSection":["Noticias"],"inLanguage":"es"},{"@type":"WebPage","@id":"https:\/\/armeriaeskola.eus\/es\/el-talento-que-se-forma-en-armeria-eskola-impulsa-el-empleo\/","url":"https:\/\/armeriaeskola.eus\/es\/el-talento-que-se-forma-en-armeria-eskola-impulsa-el-empleo\/","name":"El talento que se forma en Armeria Eskola impulsa el empleo - Armeria Eskola","isPartOf":{"@id":"https:\/\/armeriaeskola.eus\/#website"},"primaryImageOfPage":{"@id":"https:\/\/armeriaeskola.eus\/es\/el-talento-que-se-forma-en-armeria-eskola-impulsa-el-empleo\/#primaryimage"},"image":{"@id":"https:\/\/armeriaeskola.eus\/es\/el-talento-que-se-forma-en-armeria-eskola-impulsa-el-empleo\/#primaryimage"},"thumbnailUrl":"https:\/\/armeriaeskola.eus\/wp-content\/uploads\/68625616084b1.r_d.1000-666-6000.jpeg","datePublished":"2026-04-27T18:49:37+00:00","breadcrumb":{"@id":"https:\/\/armeriaeskola.eus\/es\/el-talento-que-se-forma-en-armeria-eskola-impulsa-el-empleo\/#breadcrumb"},"inLanguage":"es","potentialAction":[{"@type":"ReadAction","target":["https:\/\/armeriaeskola.eus\/es\/el-talento-que-se-forma-en-armeria-eskola-impulsa-el-empleo\/"]}]},{"@type":"ImageObject","inLanguage":"es","@id":"https:\/\/armeriaeskola.eus\/es\/el-talento-que-se-forma-en-armeria-eskola-impulsa-el-empleo\/#primaryimage","url":"https:\/\/armeriaeskola.eus\/wp-content\/uploads\/68625616084b1.r_d.1000-666-6000.jpeg","contentUrl":"https:\/\/armeriaeskola.eus\/wp-content\/uploads\/68625616084b1.r_d.1000-666-6000.jpeg","width":1200,"height":675},{"@type":"BreadcrumbList","@id":"https:\/\/armeriaeskola.eus\/es\/el-talento-que-se-forma-en-armeria-eskola-impulsa-el-empleo\/#breadcrumb","itemListElement":[{"@type":"ListItem","position":1,"name":"Portada","item":"https:\/\/armeriaeskola.eus\/es\/"},{"@type":"ListItem","position":2,"name":"El talento que se forma en Armeria Eskola impulsa el empleo"}]},{"@type":"WebSite","@id":"https:\/\/armeriaeskola.eus\/#website","url":"https:\/\/armeriaeskola.eus\/","name":"Armeria Eskola","description":"Centro Integral P\u00fablico de Formaci\u00f3n Profesional","publisher":{"@id":"https:\/\/armeriaeskola.eus\/#organization"},"potentialAction":[{"@type":"SearchAction","target":{"@type":"EntryPoint","urlTemplate":"https:\/\/armeriaeskola.eus\/?s={search_term_string}"},"query-input":{"@type":"PropertyValueSpecification","valueRequired":true,"valueName":"search_term_string"}}],"inLanguage":"es"},{"@type":"Organization","@id":"https:\/\/armeriaeskola.eus\/#organization","name":"Armeria Eskola","url":"https:\/\/armeriaeskola.eus\/","logo":{"@type":"ImageObject","inLanguage":"es","@id":"https:\/\/armeriaeskola.eus\/#\/schema\/logo\/image\/","url":"https:\/\/armeriaeskola.eus\/wp-content\/uploads\/armeria-eskola-youtube1.jpg","contentUrl":"https:\/\/armeriaeskola.eus\/wp-content\/uploads\/armeria-eskola-youtube1.jpg","width":1000,"height":501,"caption":"Armeria Eskola"},"image":{"@id":"https:\/\/armeriaeskola.eus\/#\/schema\/logo\/image\/"},"sameAs":["https:\/\/www.facebook.com\/armeriaeskola","https:\/\/x.com\/ArmeriaEskola","https:\/\/www.instagram.com\/armeriaeskola\/","https:\/\/www.linkedin.com\/company\/asociaciondearmeriaeskola\/","https:\/\/www.youtube.com\/user\/100armeriaeskola"]},{"@type":"Person","@id":"https:\/\/armeriaeskola.eus\/#\/schema\/person\/556cc6ece953729a0ba6f78b66e54fc9","name":"Administratzailea","image":{"@type":"ImageObject","inLanguage":"es","@id":"https:\/\/secure.gravatar.com\/avatar\/8b2e098c27974ed137406b913c3d1ad97e377132fd5a6545df4ff35523a1f3c9?s=96&d=mm&r=g","url":"https:\/\/secure.gravatar.com\/avatar\/8b2e098c27974ed137406b913c3d1ad97e377132fd5a6545df4ff35523a1f3c9?s=96&d=mm&r=g","contentUrl":"https:\/\/secure.gravatar.com\/avatar\/8b2e098c27974ed137406b913c3d1ad97e377132fd5a6545df4ff35523a1f3c9?s=96&d=mm&r=g","caption":"Administratzailea"}}]}},"_links":{"self":[{"href":"https:\/\/armeriaeskola.eus\/es\/wp-json\/wp\/v2\/posts\/27591","targetHints":{"allow":["GET"]}}],"collection":[{"href":"https:\/\/armeriaeskola.eus\/es\/wp-json\/wp\/v2\/posts"}],"about":[{"href":"https:\/\/armeriaeskola.eus\/es\/wp-json\/wp\/v2\/types\/post"}],"author":[{"embeddable":true,"href":"https:\/\/armeriaeskola.eus\/es\/wp-json\/wp\/v2\/users\/6"}],"replies":[{"embeddable":true,"href":"https:\/\/armeriaeskola.eus\/es\/wp-json\/wp\/v2\/comments?post=27591"}],"version-history":[{"count":1,"href":"https:\/\/armeriaeskola.eus\/es\/wp-json\/wp\/v2\/posts\/27591\/revisions"}],"predecessor-version":[{"id":27595,"href":"https:\/\/armeriaeskola.eus\/es\/wp-json\/wp\/v2\/posts\/27591\/revisions\/27595"}],"wp:featuredmedia":[{"embeddable":true,"href":"https:\/\/armeriaeskola.eus\/es\/wp-json\/wp\/v2\/media\/27592"}],"wp:attachment":[{"href":"https:\/\/armeriaeskola.eus\/es\/wp-json\/wp\/v2\/media?parent=27591"}],"wp:term":[{"taxonomy":"category","embeddable":true,"href":"https:\/\/armeriaeskola.eus\/es\/wp-json\/wp\/v2\/categories?post=27591"},{"taxonomy":"post_tag","embeddable":true,"href":"https:\/\/armeriaeskola.eus\/es\/wp-json\/wp\/v2\/tags?post=27591"}],"curies":[{"name":"wp","href":"https:\/\/api.w.org\/{rel}","templated":true}]}}