{"id":23689,"date":"2024-10-07T07:20:47","date_gmt":"2024-10-07T05:20:47","guid":{"rendered":"https:\/\/armeriaeskola.eus\/?p=23689"},"modified":"2024-10-04T14:13:21","modified_gmt":"2024-10-04T12:13:21","slug":"ya-esta-en-marcha-la-especializacion-en-robotica-colaborativa","status":"publish","type":"post","link":"https:\/\/armeriaeskola.eus\/es\/ya-esta-en-marcha-la-especializacion-en-robotica-colaborativa\/","title":{"rendered":"Ya est\u00e1 en marcha la especializaci\u00f3n en rob\u00f3tica colaborativa"},"content":{"rendered":"<div id=\"translation_text\">\n<div class=\"jumbotron-text\">\n<div class=\"row\">\n<div class=\"col-md-12 col-xs-12\"><\/div>\n<\/div>\n<div class=\"row\">\n<div class=\"col-md-12 col-xs-12\">\n<p>En Armeria Eskola acaba de comenzar el nuevo curso de especializaci\u00f3n en rob\u00f3tica colaborativa. La edici\u00f3n de este a\u00f1o ha arrancado con 7 alumnos, de los que 6 son nuevos en nuestro centro. La mayor\u00eda ya ha conseguido una empresa para realizar la formaci\u00f3n Dual, donde completar\u00e1n su labor formativa.<\/p>\n<p>Los alumnos y alumnas participantes en el curso adquirir\u00e1n la capacidad general para desarrollar proyectos de rob\u00f3tica colaborativa, form\u00e1ndose para trabajar tanto con brazos rob\u00f3ticos como con robots m\u00f3viles aut\u00f3nomos. Adem\u00e1s, realizar\u00e1n el montaje, puesta en marcha y mantenimiento de los proyectos, respetando los criterios de calidad, seguridad y medio ambiente.<\/p>\n<p><strong>Grandes inversiones en tecnolog\u00eda<\/strong><br \/>\nSe han realizado importantes inversiones en equipamiento tecnolog\u00edco, como los robots ABB y AGV. En colaboraci\u00f3n con la especializaci\u00f3n de Digitalizaci\u00f3n del Mantenimiento Industrial, se trabajar\u00e1 en el montaje, instalaci\u00f3n, configuraci\u00f3n y programaci\u00f3n de estos equipos, dando los primeros pasos para conseguir un espacio avanzado Industria 5.0.<\/p>\n<p>En los pr\u00f3ximos cursos se crear\u00e1, dentro de la Alianza Internacional de Fabricaci\u00f3n Avanzada LCAMP, una l\u00ednea automatizada -una f\u00e1brica de aprendizaje colaborativo- para formar, actualizar y hacer reflexionar tanto a estudiantes j\u00f3venes como adultos, para afrontar con \u00e9xito las transiciones digital y verde.<\/p>\n<\/div>\n<\/div>\n<\/div>\n<\/div>\n","protected":false},"excerpt":{"rendered":"<p>En Armeria Eskola acaba de comenzar el nuevo curso de especializaci\u00f3n en rob\u00f3tica colaborativa. La edici\u00f3n de este a\u00f1o ha arrancado con 7 alumnos, de los que 6 son nuevos en nuestro centro. La mayor\u00eda ya ha conseguido una empresa &hellip; <\/p>\n","protected":false},"author":6,"featured_media":23708,"comment_status":"closed","ping_status":"closed","sticky":false,"template":"","format":"standard","meta":{"_acf_changed":false,"rs_blank_template":"","rs_page_bg_color":"","slide_template_v7":"","footnotes":""},"categories":[1],"tags":[],"class_list":["post-23689","post","type-post","status-publish","format-standard","has-post-thumbnail","hentry","category-noticias-categoria"],"acf":[],"yoast_head":"<!-- This site is optimized with the Yoast SEO plugin v27.4 - https:\/\/yoast.com\/product\/yoast-seo-wordpress\/ -->\n<title>Ya est\u00e1 en marcha la especializaci\u00f3n en rob\u00f3tica colaborativa - Armeria Eskola<\/title>\n<meta name=\"robots\" content=\"index, follow, max-snippet:-1, max-image-preview:large, max-video-preview:-1\" \/>\n<link rel=\"canonical\" href=\"https:\/\/armeriaeskola.eus\/elkarlaneko-robotika-espezializazioa-martxan-da\/\" \/>\n<meta property=\"og:locale\" content=\"es_ES\" \/>\n<meta property=\"og:type\" content=\"article\" \/>\n<meta property=\"og:title\" content=\"Ya est\u00e1 en marcha la especializaci\u00f3n en rob\u00f3tica colaborativa - Armeria Eskola\" \/>\n<meta property=\"og:description\" content=\"En Armeria Eskola acaba de comenzar el nuevo curso de especializaci\u00f3n en rob\u00f3tica colaborativa. La edici\u00f3n de este a\u00f1o ha arrancado con 7 alumnos, de los que 6 son nuevos en nuestro centro. La mayor\u00eda ya ha conseguido una empresa &hellip;\" \/>\n<meta property=\"og:url\" content=\"https:\/\/armeriaeskola.eus\/elkarlaneko-robotika-espezializazioa-martxan-da\/\" \/>\n<meta property=\"og:site_name\" content=\"Armeria Eskola\" \/>\n<meta property=\"article:publisher\" content=\"https:\/\/www.facebook.com\/armeriaeskola\" \/>\n<meta property=\"article:published_time\" content=\"2024-10-07T05:20:47+00:00\" \/>\n<meta property=\"og:image\" content=\"https:\/\/armeriaeskola.eus\/wp-content\/uploads\/ELKARLANEKO-ROBOTIKA_241004_1-scaled.jpg\" \/>\n\t<meta property=\"og:image:width\" content=\"2560\" \/>\n\t<meta property=\"og:image:height\" content=\"1920\" \/>\n\t<meta property=\"og:image:type\" content=\"image\/jpeg\" \/>\n<meta name=\"author\" content=\"Administratzailea\" \/>\n<meta name=\"twitter:card\" content=\"summary_large_image\" \/>\n<meta name=\"twitter:creator\" content=\"@ArmeriaEskola\" \/>\n<meta name=\"twitter:site\" content=\"@ArmeriaEskola\" \/>\n<meta name=\"twitter:label1\" content=\"Escrito por\" \/>\n\t<meta name=\"twitter:data1\" content=\"Administratzailea\" \/>\n\t<meta name=\"twitter:label2\" content=\"Tiempo de lectura\" \/>\n\t<meta name=\"twitter:data2\" content=\"2 minutos\" \/>\n<script type=\"application\/ld+json\" class=\"yoast-schema-graph\">{\"@context\":\"https:\\\/\\\/schema.org\",\"@graph\":[{\"@type\":\"Article\",\"@id\":\"https:\\\/\\\/armeriaeskola.eus\\\/elkarlaneko-robotika-espezializazioa-martxan-da\\\/#article\",\"isPartOf\":{\"@id\":\"https:\\\/\\\/armeriaeskola.eus\\\/elkarlaneko-robotika-espezializazioa-martxan-da\\\/\"},\"author\":{\"name\":\"Administratzailea\",\"@id\":\"https:\\\/\\\/armeriaeskola.eus\\\/#\\\/schema\\\/person\\\/556cc6ece953729a0ba6f78b66e54fc9\"},\"headline\":\"Ya est\u00e1 en marcha la especializaci\u00f3n en rob\u00f3tica colaborativa\",\"datePublished\":\"2024-10-07T05:20:47+00:00\",\"mainEntityOfPage\":{\"@id\":\"https:\\\/\\\/armeriaeskola.eus\\\/elkarlaneko-robotika-espezializazioa-martxan-da\\\/\"},\"wordCount\":232,\"publisher\":{\"@id\":\"https:\\\/\\\/armeriaeskola.eus\\\/#organization\"},\"image\":{\"@id\":\"https:\\\/\\\/armeriaeskola.eus\\\/elkarlaneko-robotika-espezializazioa-martxan-da\\\/#primaryimage\"},\"thumbnailUrl\":\"https:\\\/\\\/armeriaeskola.eus\\\/wp-content\\\/uploads\\\/ELKARLANEKO-ROBOTIKA_241004_1-scaled.jpg\",\"articleSection\":[\"Noticias\"],\"inLanguage\":\"es\"},{\"@type\":\"WebPage\",\"@id\":\"https:\\\/\\\/armeriaeskola.eus\\\/elkarlaneko-robotika-espezializazioa-martxan-da\\\/\",\"url\":\"https:\\\/\\\/armeriaeskola.eus\\\/elkarlaneko-robotika-espezializazioa-martxan-da\\\/\",\"name\":\"Ya est\u00e1 en marcha la especializaci\u00f3n en rob\u00f3tica colaborativa - Armeria Eskola\",\"isPartOf\":{\"@id\":\"https:\\\/\\\/armeriaeskola.eus\\\/#website\"},\"primaryImageOfPage\":{\"@id\":\"https:\\\/\\\/armeriaeskola.eus\\\/elkarlaneko-robotika-espezializazioa-martxan-da\\\/#primaryimage\"},\"image\":{\"@id\":\"https:\\\/\\\/armeriaeskola.eus\\\/elkarlaneko-robotika-espezializazioa-martxan-da\\\/#primaryimage\"},\"thumbnailUrl\":\"https:\\\/\\\/armeriaeskola.eus\\\/wp-content\\\/uploads\\\/ELKARLANEKO-ROBOTIKA_241004_1-scaled.jpg\",\"datePublished\":\"2024-10-07T05:20:47+00:00\",\"breadcrumb\":{\"@id\":\"https:\\\/\\\/armeriaeskola.eus\\\/elkarlaneko-robotika-espezializazioa-martxan-da\\\/#breadcrumb\"},\"inLanguage\":\"es\",\"potentialAction\":[{\"@type\":\"ReadAction\",\"target\":[\"https:\\\/\\\/armeriaeskola.eus\\\/elkarlaneko-robotika-espezializazioa-martxan-da\\\/\"]}]},{\"@type\":\"ImageObject\",\"inLanguage\":\"es\",\"@id\":\"https:\\\/\\\/armeriaeskola.eus\\\/elkarlaneko-robotika-espezializazioa-martxan-da\\\/#primaryimage\",\"url\":\"https:\\\/\\\/armeriaeskola.eus\\\/wp-content\\\/uploads\\\/ELKARLANEKO-ROBOTIKA_241004_1-scaled.jpg\",\"contentUrl\":\"https:\\\/\\\/armeriaeskola.eus\\\/wp-content\\\/uploads\\\/ELKARLANEKO-ROBOTIKA_241004_1-scaled.jpg\",\"width\":2560,\"height\":1920},{\"@type\":\"BreadcrumbList\",\"@id\":\"https:\\\/\\\/armeriaeskola.eus\\\/elkarlaneko-robotika-espezializazioa-martxan-da\\\/#breadcrumb\",\"itemListElement\":[{\"@type\":\"ListItem\",\"position\":1,\"name\":\"Portada\",\"item\":\"https:\\\/\\\/armeriaeskola.eus\\\/es\\\/\"},{\"@type\":\"ListItem\",\"position\":2,\"name\":\"Ya est\u00e1 en marcha la especializaci\u00f3n en rob\u00f3tica colaborativa\"}]},{\"@type\":\"WebSite\",\"@id\":\"https:\\\/\\\/armeriaeskola.eus\\\/#website\",\"url\":\"https:\\\/\\\/armeriaeskola.eus\\\/\",\"name\":\"Armeria Eskola\",\"description\":\"Centro Integral P\u00fablico de Formaci\u00f3n Profesional\",\"publisher\":{\"@id\":\"https:\\\/\\\/armeriaeskola.eus\\\/#organization\"},\"potentialAction\":[{\"@type\":\"SearchAction\",\"target\":{\"@type\":\"EntryPoint\",\"urlTemplate\":\"https:\\\/\\\/armeriaeskola.eus\\\/?s={search_term_string}\"},\"query-input\":{\"@type\":\"PropertyValueSpecification\",\"valueRequired\":true,\"valueName\":\"search_term_string\"}}],\"inLanguage\":\"es\"},{\"@type\":\"Organization\",\"@id\":\"https:\\\/\\\/armeriaeskola.eus\\\/#organization\",\"name\":\"Armeria Eskola\",\"url\":\"https:\\\/\\\/armeriaeskola.eus\\\/\",\"logo\":{\"@type\":\"ImageObject\",\"inLanguage\":\"es\",\"@id\":\"https:\\\/\\\/armeriaeskola.eus\\\/#\\\/schema\\\/logo\\\/image\\\/\",\"url\":\"https:\\\/\\\/armeriaeskola.eus\\\/wp-content\\\/uploads\\\/armeria-eskola-youtube1.jpg\",\"contentUrl\":\"https:\\\/\\\/armeriaeskola.eus\\\/wp-content\\\/uploads\\\/armeria-eskola-youtube1.jpg\",\"width\":1000,\"height\":501,\"caption\":\"Armeria Eskola\"},\"image\":{\"@id\":\"https:\\\/\\\/armeriaeskola.eus\\\/#\\\/schema\\\/logo\\\/image\\\/\"},\"sameAs\":[\"https:\\\/\\\/www.facebook.com\\\/armeriaeskola\",\"https:\\\/\\\/x.com\\\/ArmeriaEskola\",\"https:\\\/\\\/www.instagram.com\\\/armeriaeskola\\\/\",\"https:\\\/\\\/www.linkedin.com\\\/company\\\/asociaciondearmeriaeskola\\\/\",\"https:\\\/\\\/www.youtube.com\\\/user\\\/100armeriaeskola\"]},{\"@type\":\"Person\",\"@id\":\"https:\\\/\\\/armeriaeskola.eus\\\/#\\\/schema\\\/person\\\/556cc6ece953729a0ba6f78b66e54fc9\",\"name\":\"Administratzailea\",\"image\":{\"@type\":\"ImageObject\",\"inLanguage\":\"es\",\"@id\":\"https:\\\/\\\/secure.gravatar.com\\\/avatar\\\/8b2e098c27974ed137406b913c3d1ad97e377132fd5a6545df4ff35523a1f3c9?s=96&d=mm&r=g\",\"url\":\"https:\\\/\\\/secure.gravatar.com\\\/avatar\\\/8b2e098c27974ed137406b913c3d1ad97e377132fd5a6545df4ff35523a1f3c9?s=96&d=mm&r=g\",\"contentUrl\":\"https:\\\/\\\/secure.gravatar.com\\\/avatar\\\/8b2e098c27974ed137406b913c3d1ad97e377132fd5a6545df4ff35523a1f3c9?s=96&d=mm&r=g\",\"caption\":\"Administratzailea\"}}]}<\/script>\n<!-- \/ Yoast SEO plugin. -->","yoast_head_json":{"title":"Ya est\u00e1 en marcha la especializaci\u00f3n en rob\u00f3tica colaborativa - Armeria Eskola","robots":{"index":"index","follow":"follow","max-snippet":"max-snippet:-1","max-image-preview":"max-image-preview:large","max-video-preview":"max-video-preview:-1"},"canonical":"https:\/\/armeriaeskola.eus\/elkarlaneko-robotika-espezializazioa-martxan-da\/","og_locale":"es_ES","og_type":"article","og_title":"Ya est\u00e1 en marcha la especializaci\u00f3n en rob\u00f3tica colaborativa - Armeria Eskola","og_description":"En Armeria Eskola acaba de comenzar el nuevo curso de especializaci\u00f3n en rob\u00f3tica colaborativa. La edici\u00f3n de este a\u00f1o ha arrancado con 7 alumnos, de los que 6 son nuevos en nuestro centro. La mayor\u00eda ya ha conseguido una empresa &hellip;","og_url":"https:\/\/armeriaeskola.eus\/elkarlaneko-robotika-espezializazioa-martxan-da\/","og_site_name":"Armeria Eskola","article_publisher":"https:\/\/www.facebook.com\/armeriaeskola","article_published_time":"2024-10-07T05:20:47+00:00","og_image":[{"width":2560,"height":1920,"url":"https:\/\/armeriaeskola.eus\/wp-content\/uploads\/ELKARLANEKO-ROBOTIKA_241004_1-scaled.jpg","type":"image\/jpeg"}],"author":"Administratzailea","twitter_card":"summary_large_image","twitter_creator":"@ArmeriaEskola","twitter_site":"@ArmeriaEskola","twitter_misc":{"Escrito por":"Administratzailea","Tiempo de lectura":"2 minutos"},"schema":{"@context":"https:\/\/schema.org","@graph":[{"@type":"Article","@id":"https:\/\/armeriaeskola.eus\/elkarlaneko-robotika-espezializazioa-martxan-da\/#article","isPartOf":{"@id":"https:\/\/armeriaeskola.eus\/elkarlaneko-robotika-espezializazioa-martxan-da\/"},"author":{"name":"Administratzailea","@id":"https:\/\/armeriaeskola.eus\/#\/schema\/person\/556cc6ece953729a0ba6f78b66e54fc9"},"headline":"Ya est\u00e1 en marcha la especializaci\u00f3n en rob\u00f3tica colaborativa","datePublished":"2024-10-07T05:20:47+00:00","mainEntityOfPage":{"@id":"https:\/\/armeriaeskola.eus\/elkarlaneko-robotika-espezializazioa-martxan-da\/"},"wordCount":232,"publisher":{"@id":"https:\/\/armeriaeskola.eus\/#organization"},"image":{"@id":"https:\/\/armeriaeskola.eus\/elkarlaneko-robotika-espezializazioa-martxan-da\/#primaryimage"},"thumbnailUrl":"https:\/\/armeriaeskola.eus\/wp-content\/uploads\/ELKARLANEKO-ROBOTIKA_241004_1-scaled.jpg","articleSection":["Noticias"],"inLanguage":"es"},{"@type":"WebPage","@id":"https:\/\/armeriaeskola.eus\/elkarlaneko-robotika-espezializazioa-martxan-da\/","url":"https:\/\/armeriaeskola.eus\/elkarlaneko-robotika-espezializazioa-martxan-da\/","name":"Ya est\u00e1 en marcha la especializaci\u00f3n en rob\u00f3tica colaborativa - Armeria Eskola","isPartOf":{"@id":"https:\/\/armeriaeskola.eus\/#website"},"primaryImageOfPage":{"@id":"https:\/\/armeriaeskola.eus\/elkarlaneko-robotika-espezializazioa-martxan-da\/#primaryimage"},"image":{"@id":"https:\/\/armeriaeskola.eus\/elkarlaneko-robotika-espezializazioa-martxan-da\/#primaryimage"},"thumbnailUrl":"https:\/\/armeriaeskola.eus\/wp-content\/uploads\/ELKARLANEKO-ROBOTIKA_241004_1-scaled.jpg","datePublished":"2024-10-07T05:20:47+00:00","breadcrumb":{"@id":"https:\/\/armeriaeskola.eus\/elkarlaneko-robotika-espezializazioa-martxan-da\/#breadcrumb"},"inLanguage":"es","potentialAction":[{"@type":"ReadAction","target":["https:\/\/armeriaeskola.eus\/elkarlaneko-robotika-espezializazioa-martxan-da\/"]}]},{"@type":"ImageObject","inLanguage":"es","@id":"https:\/\/armeriaeskola.eus\/elkarlaneko-robotika-espezializazioa-martxan-da\/#primaryimage","url":"https:\/\/armeriaeskola.eus\/wp-content\/uploads\/ELKARLANEKO-ROBOTIKA_241004_1-scaled.jpg","contentUrl":"https:\/\/armeriaeskola.eus\/wp-content\/uploads\/ELKARLANEKO-ROBOTIKA_241004_1-scaled.jpg","width":2560,"height":1920},{"@type":"BreadcrumbList","@id":"https:\/\/armeriaeskola.eus\/elkarlaneko-robotika-espezializazioa-martxan-da\/#breadcrumb","itemListElement":[{"@type":"ListItem","position":1,"name":"Portada","item":"https:\/\/armeriaeskola.eus\/es\/"},{"@type":"ListItem","position":2,"name":"Ya est\u00e1 en marcha la especializaci\u00f3n en rob\u00f3tica colaborativa"}]},{"@type":"WebSite","@id":"https:\/\/armeriaeskola.eus\/#website","url":"https:\/\/armeriaeskola.eus\/","name":"Armeria Eskola","description":"Centro Integral P\u00fablico de Formaci\u00f3n Profesional","publisher":{"@id":"https:\/\/armeriaeskola.eus\/#organization"},"potentialAction":[{"@type":"SearchAction","target":{"@type":"EntryPoint","urlTemplate":"https:\/\/armeriaeskola.eus\/?s={search_term_string}"},"query-input":{"@type":"PropertyValueSpecification","valueRequired":true,"valueName":"search_term_string"}}],"inLanguage":"es"},{"@type":"Organization","@id":"https:\/\/armeriaeskola.eus\/#organization","name":"Armeria Eskola","url":"https:\/\/armeriaeskola.eus\/","logo":{"@type":"ImageObject","inLanguage":"es","@id":"https:\/\/armeriaeskola.eus\/#\/schema\/logo\/image\/","url":"https:\/\/armeriaeskola.eus\/wp-content\/uploads\/armeria-eskola-youtube1.jpg","contentUrl":"https:\/\/armeriaeskola.eus\/wp-content\/uploads\/armeria-eskola-youtube1.jpg","width":1000,"height":501,"caption":"Armeria Eskola"},"image":{"@id":"https:\/\/armeriaeskola.eus\/#\/schema\/logo\/image\/"},"sameAs":["https:\/\/www.facebook.com\/armeriaeskola","https:\/\/x.com\/ArmeriaEskola","https:\/\/www.instagram.com\/armeriaeskola\/","https:\/\/www.linkedin.com\/company\/asociaciondearmeriaeskola\/","https:\/\/www.youtube.com\/user\/100armeriaeskola"]},{"@type":"Person","@id":"https:\/\/armeriaeskola.eus\/#\/schema\/person\/556cc6ece953729a0ba6f78b66e54fc9","name":"Administratzailea","image":{"@type":"ImageObject","inLanguage":"es","@id":"https:\/\/secure.gravatar.com\/avatar\/8b2e098c27974ed137406b913c3d1ad97e377132fd5a6545df4ff35523a1f3c9?s=96&d=mm&r=g","url":"https:\/\/secure.gravatar.com\/avatar\/8b2e098c27974ed137406b913c3d1ad97e377132fd5a6545df4ff35523a1f3c9?s=96&d=mm&r=g","contentUrl":"https:\/\/secure.gravatar.com\/avatar\/8b2e098c27974ed137406b913c3d1ad97e377132fd5a6545df4ff35523a1f3c9?s=96&d=mm&r=g","caption":"Administratzailea"}}]}},"_links":{"self":[{"href":"https:\/\/armeriaeskola.eus\/es\/wp-json\/wp\/v2\/posts\/23689","targetHints":{"allow":["GET"]}}],"collection":[{"href":"https:\/\/armeriaeskola.eus\/es\/wp-json\/wp\/v2\/posts"}],"about":[{"href":"https:\/\/armeriaeskola.eus\/es\/wp-json\/wp\/v2\/types\/post"}],"author":[{"embeddable":true,"href":"https:\/\/armeriaeskola.eus\/es\/wp-json\/wp\/v2\/users\/6"}],"replies":[{"embeddable":true,"href":"https:\/\/armeriaeskola.eus\/es\/wp-json\/wp\/v2\/comments?post=23689"}],"version-history":[{"count":4,"href":"https:\/\/armeriaeskola.eus\/es\/wp-json\/wp\/v2\/posts\/23689\/revisions"}],"predecessor-version":[{"id":23696,"href":"https:\/\/armeriaeskola.eus\/es\/wp-json\/wp\/v2\/posts\/23689\/revisions\/23696"}],"wp:featuredmedia":[{"embeddable":true,"href":"https:\/\/armeriaeskola.eus\/es\/wp-json\/wp\/v2\/media\/23708"}],"wp:attachment":[{"href":"https:\/\/armeriaeskola.eus\/es\/wp-json\/wp\/v2\/media?parent=23689"}],"wp:term":[{"taxonomy":"category","embeddable":true,"href":"https:\/\/armeriaeskola.eus\/es\/wp-json\/wp\/v2\/categories?post=23689"},{"taxonomy":"post_tag","embeddable":true,"href":"https:\/\/armeriaeskola.eus\/es\/wp-json\/wp\/v2\/tags?post=23689"}],"curies":[{"name":"wp","href":"https:\/\/api.w.org\/{rel}","templated":true}]}}