{"id":20539,"date":"2022-12-13T09:46:20","date_gmt":"2022-12-13T08:46:20","guid":{"rendered":"https:\/\/armeriaeskola.eus\/?p=20539"},"modified":"2022-12-13T09:48:15","modified_gmt":"2022-12-13T08:48:15","slug":"premio-a-la-escultura-espiral-realizada-por-los-alumnos-de-armeria-eskola","status":"publish","type":"post","link":"https:\/\/armeriaeskola.eus\/es\/premio-a-la-escultura-espiral-realizada-por-los-alumnos-de-armeria-eskola\/","title":{"rendered":"Premio a la escultura Espiral realizada por los alumnos de Armeria Eskola"},"content":{"rendered":"<p>En el marco de la Semana Europea de la Prevenci\u00f3n de Residuos, la Diputaci\u00f3n Foral de Gipuzkoa ha organizado una serie de acciones, entre las que se encuentra la creaci\u00f3n de una exposici\u00f3n titulada \u00abModelando la Econom\u00eda Circular\u00bb, que pretende sensibilizar a trav\u00e9s de la escultura a la comunidad educativa de la formaci\u00f3n profesional y, por extensi\u00f3n, a toda la sociedad guipuzcoana sobre la econom\u00eda circular.<\/p>\n<p>La Diputaci\u00f3n Foral de Gipuzkoa considera que la Formaci\u00f3n Profesional juega un papel importante en la Econom\u00eda Circular y la Uni\u00f3n Europea nos la presenta como un nuevo marco de actuaci\u00f3n para la prevenci\u00f3n, preparaci\u00f3n para la reutilizaci\u00f3n y reciclaje de residuos. En esta nueva edici\u00f3n de la exposici\u00f3n \u00abModelando Econom\u00eda Circular\u00bb se convoca a los centros de formaci\u00f3n profesional de Gipuzkoa para que cada grupo de alumnos demuestre sus habilidades en este sentido, seg\u00fan las bases anexas.<\/p>\n<p>Armeria Eskola ha participado con la escultura \u00abEspiral\u00bb, cuyos creadores han sido los alumnos Eneritz Busto, Iratxe Garc\u00eda, I\u00f1aki Puche, Be\u00f1at Jim\u00e9nez y Bittor Zarrabeitia.<\/p>\n<p>El tema de esta escultura es la econom\u00eda circular, con 7 flechas que bajan a la tierra entre dos espirales. Estas flechas que comienzan de arriba abajo representan cada una de las fases del ciclo de la econom\u00eda circular:<\/p>\n<p>1_ Materia prima<br \/>\n2_ Dise\u00f1o<br \/>\n3_ Producci\u00f3n de la elaboraci\u00f3n<br \/>\n4_ Distribuci\u00f3n<br \/>\n5_ Consumo, uso y reparaci\u00f3n<br \/>\n6_ Recogida<br \/>\n7_ Reciclaje<\/p>\n<p>Las espirales circundantes son una naturaleza que crece org\u00e1nicamente a nuestro alrededor y son elementos fundamentales en nuestra vida, que son a su vez los que restablecen el ciclo. Hemos planteado esta escultura verticalmente para ponerla en el suelo, a nuestros pies, en el suelo<br \/>\nporque la materia prima est\u00e1 en nuestras manos. As\u00ed, en la exposici\u00f3n, tal y como reciclamos, somos conscientes de nuestro papel como habitantes de nuestro mundo, de que no debemos pisar la escultura ni la importancia del reciclaje.<\/p>\n<p>\u00a1ENHORABUENA A LOS GANADORES!<\/p>\n","protected":false},"excerpt":{"rendered":"<p>En el marco de la Semana Europea de la Prevenci\u00f3n de Residuos, la Diputaci\u00f3n Foral de Gipuzkoa ha organizado una serie de acciones, entre las que se encuentra la creaci\u00f3n de una exposici\u00f3n titulada \u00abModelando la Econom\u00eda Circular\u00bb, que pretende &hellip; <\/p>\n","protected":false},"author":6,"featured_media":20522,"comment_status":"closed","ping_status":"closed","sticky":false,"template":"","format":"video","meta":{"_acf_changed":false,"rs_blank_template":"","rs_page_bg_color":"","slide_template_v7":"","footnotes":""},"categories":[1],"tags":[],"class_list":["post-20539","post","type-post","status-publish","format-video","has-post-thumbnail","hentry","category-noticias-categoria","post_format-post-format-video"],"acf":[],"yoast_head":"<!-- This site is optimized with the Yoast SEO plugin v27.4 - https:\/\/yoast.com\/product\/yoast-seo-wordpress\/ -->\n<title>Premio a la escultura Espiral realizada por los alumnos de Armeria Eskola - Armeria Eskola<\/title>\n<meta name=\"robots\" content=\"index, follow, max-snippet:-1, max-image-preview:large, max-video-preview:-1\" \/>\n<link rel=\"canonical\" href=\"https:\/\/armeriaeskola.eus\/es\/premio-a-la-escultura-espiral-realizada-por-los-alumnos-de-armeria-eskola\/\" \/>\n<meta property=\"og:locale\" content=\"es_ES\" \/>\n<meta property=\"og:type\" content=\"article\" \/>\n<meta property=\"og:title\" content=\"Premio a la escultura Espiral realizada por los alumnos de Armeria Eskola - Armeria Eskola\" \/>\n<meta property=\"og:description\" content=\"En el marco de la Semana Europea de la Prevenci\u00f3n de Residuos, la Diputaci\u00f3n Foral de Gipuzkoa ha organizado una serie de acciones, entre las que se encuentra la creaci\u00f3n de una exposici\u00f3n titulada \u00abModelando la Econom\u00eda Circular\u00bb, que pretende &hellip;\" \/>\n<meta property=\"og:url\" content=\"https:\/\/armeriaeskola.eus\/es\/premio-a-la-escultura-espiral-realizada-por-los-alumnos-de-armeria-eskola\/\" \/>\n<meta property=\"og:site_name\" content=\"Armeria Eskola\" \/>\n<meta property=\"article:publisher\" content=\"https:\/\/www.facebook.com\/armeriaeskola\" \/>\n<meta property=\"article:published_time\" content=\"2022-12-13T08:46:20+00:00\" \/>\n<meta property=\"article:modified_time\" content=\"2022-12-13T08:48:15+00:00\" \/>\n<meta property=\"og:image\" content=\"https:\/\/armeriaeskola.eus\/wp-content\/uploads\/IMG-20221104-WA0018.jpg\" \/>\n\t<meta property=\"og:image:width\" content=\"2048\" \/>\n\t<meta property=\"og:image:height\" content=\"1536\" \/>\n\t<meta property=\"og:image:type\" content=\"image\/jpeg\" \/>\n<meta name=\"author\" content=\"Administratzailea\" \/>\n<meta name=\"twitter:card\" content=\"summary_large_image\" \/>\n<meta name=\"twitter:creator\" content=\"@ArmeriaEskola\" \/>\n<meta name=\"twitter:site\" content=\"@ArmeriaEskola\" \/>\n<meta name=\"twitter:label1\" content=\"Escrito por\" \/>\n\t<meta name=\"twitter:data1\" content=\"Administratzailea\" \/>\n\t<meta name=\"twitter:label2\" content=\"Tiempo de lectura\" \/>\n\t<meta name=\"twitter:data2\" content=\"2 minutos\" \/>\n<script type=\"application\/ld+json\" class=\"yoast-schema-graph\">{\"@context\":\"https:\\\/\\\/schema.org\",\"@graph\":[{\"@type\":\"Article\",\"@id\":\"https:\\\/\\\/armeriaeskola.eus\\\/es\\\/premio-a-la-escultura-espiral-realizada-por-los-alumnos-de-armeria-eskola\\\/#article\",\"isPartOf\":{\"@id\":\"https:\\\/\\\/armeriaeskola.eus\\\/es\\\/premio-a-la-escultura-espiral-realizada-por-los-alumnos-de-armeria-eskola\\\/\"},\"author\":{\"name\":\"Administratzailea\",\"@id\":\"https:\\\/\\\/armeriaeskola.eus\\\/#\\\/schema\\\/person\\\/556cc6ece953729a0ba6f78b66e54fc9\"},\"headline\":\"Premio a la escultura Espiral realizada por los alumnos de Armeria Eskola\",\"datePublished\":\"2022-12-13T08:46:20+00:00\",\"dateModified\":\"2022-12-13T08:48:15+00:00\",\"mainEntityOfPage\":{\"@id\":\"https:\\\/\\\/armeriaeskola.eus\\\/es\\\/premio-a-la-escultura-espiral-realizada-por-los-alumnos-de-armeria-eskola\\\/\"},\"wordCount\":355,\"publisher\":{\"@id\":\"https:\\\/\\\/armeriaeskola.eus\\\/#organization\"},\"image\":{\"@id\":\"https:\\\/\\\/armeriaeskola.eus\\\/es\\\/premio-a-la-escultura-espiral-realizada-por-los-alumnos-de-armeria-eskola\\\/#primaryimage\"},\"thumbnailUrl\":\"https:\\\/\\\/armeriaeskola.eus\\\/wp-content\\\/uploads\\\/IMG-20221104-WA0018.jpg\",\"articleSection\":[\"Noticias\"],\"inLanguage\":\"es\"},{\"@type\":\"WebPage\",\"@id\":\"https:\\\/\\\/armeriaeskola.eus\\\/es\\\/premio-a-la-escultura-espiral-realizada-por-los-alumnos-de-armeria-eskola\\\/\",\"url\":\"https:\\\/\\\/armeriaeskola.eus\\\/es\\\/premio-a-la-escultura-espiral-realizada-por-los-alumnos-de-armeria-eskola\\\/\",\"name\":\"Premio a la escultura Espiral realizada por los alumnos de Armeria Eskola - Armeria Eskola\",\"isPartOf\":{\"@id\":\"https:\\\/\\\/armeriaeskola.eus\\\/#website\"},\"primaryImageOfPage\":{\"@id\":\"https:\\\/\\\/armeriaeskola.eus\\\/es\\\/premio-a-la-escultura-espiral-realizada-por-los-alumnos-de-armeria-eskola\\\/#primaryimage\"},\"image\":{\"@id\":\"https:\\\/\\\/armeriaeskola.eus\\\/es\\\/premio-a-la-escultura-espiral-realizada-por-los-alumnos-de-armeria-eskola\\\/#primaryimage\"},\"thumbnailUrl\":\"https:\\\/\\\/armeriaeskola.eus\\\/wp-content\\\/uploads\\\/IMG-20221104-WA0018.jpg\",\"datePublished\":\"2022-12-13T08:46:20+00:00\",\"dateModified\":\"2022-12-13T08:48:15+00:00\",\"breadcrumb\":{\"@id\":\"https:\\\/\\\/armeriaeskola.eus\\\/es\\\/premio-a-la-escultura-espiral-realizada-por-los-alumnos-de-armeria-eskola\\\/#breadcrumb\"},\"inLanguage\":\"es\",\"potentialAction\":[{\"@type\":\"ReadAction\",\"target\":[\"https:\\\/\\\/armeriaeskola.eus\\\/es\\\/premio-a-la-escultura-espiral-realizada-por-los-alumnos-de-armeria-eskola\\\/\"]}]},{\"@type\":\"ImageObject\",\"inLanguage\":\"es\",\"@id\":\"https:\\\/\\\/armeriaeskola.eus\\\/es\\\/premio-a-la-escultura-espiral-realizada-por-los-alumnos-de-armeria-eskola\\\/#primaryimage\",\"url\":\"https:\\\/\\\/armeriaeskola.eus\\\/wp-content\\\/uploads\\\/IMG-20221104-WA0018.jpg\",\"contentUrl\":\"https:\\\/\\\/armeriaeskola.eus\\\/wp-content\\\/uploads\\\/IMG-20221104-WA0018.jpg\",\"width\":2048,\"height\":1536},{\"@type\":\"BreadcrumbList\",\"@id\":\"https:\\\/\\\/armeriaeskola.eus\\\/es\\\/premio-a-la-escultura-espiral-realizada-por-los-alumnos-de-armeria-eskola\\\/#breadcrumb\",\"itemListElement\":[{\"@type\":\"ListItem\",\"position\":1,\"name\":\"Portada\",\"item\":\"https:\\\/\\\/armeriaeskola.eus\\\/es\\\/\"},{\"@type\":\"ListItem\",\"position\":2,\"name\":\"Premio a la escultura Espiral realizada por los alumnos de Armeria Eskola\"}]},{\"@type\":\"WebSite\",\"@id\":\"https:\\\/\\\/armeriaeskola.eus\\\/#website\",\"url\":\"https:\\\/\\\/armeriaeskola.eus\\\/\",\"name\":\"Armeria Eskola\",\"description\":\"Centro Integral P\u00fablico de Formaci\u00f3n Profesional\",\"publisher\":{\"@id\":\"https:\\\/\\\/armeriaeskola.eus\\\/#organization\"},\"potentialAction\":[{\"@type\":\"SearchAction\",\"target\":{\"@type\":\"EntryPoint\",\"urlTemplate\":\"https:\\\/\\\/armeriaeskola.eus\\\/?s={search_term_string}\"},\"query-input\":{\"@type\":\"PropertyValueSpecification\",\"valueRequired\":true,\"valueName\":\"search_term_string\"}}],\"inLanguage\":\"es\"},{\"@type\":\"Organization\",\"@id\":\"https:\\\/\\\/armeriaeskola.eus\\\/#organization\",\"name\":\"Armeria Eskola\",\"url\":\"https:\\\/\\\/armeriaeskola.eus\\\/\",\"logo\":{\"@type\":\"ImageObject\",\"inLanguage\":\"es\",\"@id\":\"https:\\\/\\\/armeriaeskola.eus\\\/#\\\/schema\\\/logo\\\/image\\\/\",\"url\":\"https:\\\/\\\/armeriaeskola.eus\\\/wp-content\\\/uploads\\\/armeria-eskola-youtube1.jpg\",\"contentUrl\":\"https:\\\/\\\/armeriaeskola.eus\\\/wp-content\\\/uploads\\\/armeria-eskola-youtube1.jpg\",\"width\":1000,\"height\":501,\"caption\":\"Armeria Eskola\"},\"image\":{\"@id\":\"https:\\\/\\\/armeriaeskola.eus\\\/#\\\/schema\\\/logo\\\/image\\\/\"},\"sameAs\":[\"https:\\\/\\\/www.facebook.com\\\/armeriaeskola\",\"https:\\\/\\\/x.com\\\/ArmeriaEskola\",\"https:\\\/\\\/www.instagram.com\\\/armeriaeskola\\\/\",\"https:\\\/\\\/www.linkedin.com\\\/company\\\/asociaciondearmeriaeskola\\\/\",\"https:\\\/\\\/www.youtube.com\\\/user\\\/100armeriaeskola\"]},{\"@type\":\"Person\",\"@id\":\"https:\\\/\\\/armeriaeskola.eus\\\/#\\\/schema\\\/person\\\/556cc6ece953729a0ba6f78b66e54fc9\",\"name\":\"Administratzailea\",\"image\":{\"@type\":\"ImageObject\",\"inLanguage\":\"es\",\"@id\":\"https:\\\/\\\/secure.gravatar.com\\\/avatar\\\/8b2e098c27974ed137406b913c3d1ad97e377132fd5a6545df4ff35523a1f3c9?s=96&d=mm&r=g\",\"url\":\"https:\\\/\\\/secure.gravatar.com\\\/avatar\\\/8b2e098c27974ed137406b913c3d1ad97e377132fd5a6545df4ff35523a1f3c9?s=96&d=mm&r=g\",\"contentUrl\":\"https:\\\/\\\/secure.gravatar.com\\\/avatar\\\/8b2e098c27974ed137406b913c3d1ad97e377132fd5a6545df4ff35523a1f3c9?s=96&d=mm&r=g\",\"caption\":\"Administratzailea\"}}]}<\/script>\n<!-- \/ Yoast SEO plugin. -->","yoast_head_json":{"title":"Premio a la escultura Espiral realizada por los alumnos de Armeria Eskola - Armeria Eskola","robots":{"index":"index","follow":"follow","max-snippet":"max-snippet:-1","max-image-preview":"max-image-preview:large","max-video-preview":"max-video-preview:-1"},"canonical":"https:\/\/armeriaeskola.eus\/es\/premio-a-la-escultura-espiral-realizada-por-los-alumnos-de-armeria-eskola\/","og_locale":"es_ES","og_type":"article","og_title":"Premio a la escultura Espiral realizada por los alumnos de Armeria Eskola - Armeria Eskola","og_description":"En el marco de la Semana Europea de la Prevenci\u00f3n de Residuos, la Diputaci\u00f3n Foral de Gipuzkoa ha organizado una serie de acciones, entre las que se encuentra la creaci\u00f3n de una exposici\u00f3n titulada \u00abModelando la Econom\u00eda Circular\u00bb, que pretende &hellip;","og_url":"https:\/\/armeriaeskola.eus\/es\/premio-a-la-escultura-espiral-realizada-por-los-alumnos-de-armeria-eskola\/","og_site_name":"Armeria Eskola","article_publisher":"https:\/\/www.facebook.com\/armeriaeskola","article_published_time":"2022-12-13T08:46:20+00:00","article_modified_time":"2022-12-13T08:48:15+00:00","og_image":[{"width":2048,"height":1536,"url":"https:\/\/armeriaeskola.eus\/wp-content\/uploads\/IMG-20221104-WA0018.jpg","type":"image\/jpeg"}],"author":"Administratzailea","twitter_card":"summary_large_image","twitter_creator":"@ArmeriaEskola","twitter_site":"@ArmeriaEskola","twitter_misc":{"Escrito por":"Administratzailea","Tiempo de lectura":"2 minutos"},"schema":{"@context":"https:\/\/schema.org","@graph":[{"@type":"Article","@id":"https:\/\/armeriaeskola.eus\/es\/premio-a-la-escultura-espiral-realizada-por-los-alumnos-de-armeria-eskola\/#article","isPartOf":{"@id":"https:\/\/armeriaeskola.eus\/es\/premio-a-la-escultura-espiral-realizada-por-los-alumnos-de-armeria-eskola\/"},"author":{"name":"Administratzailea","@id":"https:\/\/armeriaeskola.eus\/#\/schema\/person\/556cc6ece953729a0ba6f78b66e54fc9"},"headline":"Premio a la escultura Espiral realizada por los alumnos de Armeria Eskola","datePublished":"2022-12-13T08:46:20+00:00","dateModified":"2022-12-13T08:48:15+00:00","mainEntityOfPage":{"@id":"https:\/\/armeriaeskola.eus\/es\/premio-a-la-escultura-espiral-realizada-por-los-alumnos-de-armeria-eskola\/"},"wordCount":355,"publisher":{"@id":"https:\/\/armeriaeskola.eus\/#organization"},"image":{"@id":"https:\/\/armeriaeskola.eus\/es\/premio-a-la-escultura-espiral-realizada-por-los-alumnos-de-armeria-eskola\/#primaryimage"},"thumbnailUrl":"https:\/\/armeriaeskola.eus\/wp-content\/uploads\/IMG-20221104-WA0018.jpg","articleSection":["Noticias"],"inLanguage":"es"},{"@type":"WebPage","@id":"https:\/\/armeriaeskola.eus\/es\/premio-a-la-escultura-espiral-realizada-por-los-alumnos-de-armeria-eskola\/","url":"https:\/\/armeriaeskola.eus\/es\/premio-a-la-escultura-espiral-realizada-por-los-alumnos-de-armeria-eskola\/","name":"Premio a la escultura Espiral realizada por los alumnos de Armeria Eskola - Armeria Eskola","isPartOf":{"@id":"https:\/\/armeriaeskola.eus\/#website"},"primaryImageOfPage":{"@id":"https:\/\/armeriaeskola.eus\/es\/premio-a-la-escultura-espiral-realizada-por-los-alumnos-de-armeria-eskola\/#primaryimage"},"image":{"@id":"https:\/\/armeriaeskola.eus\/es\/premio-a-la-escultura-espiral-realizada-por-los-alumnos-de-armeria-eskola\/#primaryimage"},"thumbnailUrl":"https:\/\/armeriaeskola.eus\/wp-content\/uploads\/IMG-20221104-WA0018.jpg","datePublished":"2022-12-13T08:46:20+00:00","dateModified":"2022-12-13T08:48:15+00:00","breadcrumb":{"@id":"https:\/\/armeriaeskola.eus\/es\/premio-a-la-escultura-espiral-realizada-por-los-alumnos-de-armeria-eskola\/#breadcrumb"},"inLanguage":"es","potentialAction":[{"@type":"ReadAction","target":["https:\/\/armeriaeskola.eus\/es\/premio-a-la-escultura-espiral-realizada-por-los-alumnos-de-armeria-eskola\/"]}]},{"@type":"ImageObject","inLanguage":"es","@id":"https:\/\/armeriaeskola.eus\/es\/premio-a-la-escultura-espiral-realizada-por-los-alumnos-de-armeria-eskola\/#primaryimage","url":"https:\/\/armeriaeskola.eus\/wp-content\/uploads\/IMG-20221104-WA0018.jpg","contentUrl":"https:\/\/armeriaeskola.eus\/wp-content\/uploads\/IMG-20221104-WA0018.jpg","width":2048,"height":1536},{"@type":"BreadcrumbList","@id":"https:\/\/armeriaeskola.eus\/es\/premio-a-la-escultura-espiral-realizada-por-los-alumnos-de-armeria-eskola\/#breadcrumb","itemListElement":[{"@type":"ListItem","position":1,"name":"Portada","item":"https:\/\/armeriaeskola.eus\/es\/"},{"@type":"ListItem","position":2,"name":"Premio a la escultura Espiral realizada por los alumnos de Armeria Eskola"}]},{"@type":"WebSite","@id":"https:\/\/armeriaeskola.eus\/#website","url":"https:\/\/armeriaeskola.eus\/","name":"Armeria Eskola","description":"Centro Integral P\u00fablico de Formaci\u00f3n Profesional","publisher":{"@id":"https:\/\/armeriaeskola.eus\/#organization"},"potentialAction":[{"@type":"SearchAction","target":{"@type":"EntryPoint","urlTemplate":"https:\/\/armeriaeskola.eus\/?s={search_term_string}"},"query-input":{"@type":"PropertyValueSpecification","valueRequired":true,"valueName":"search_term_string"}}],"inLanguage":"es"},{"@type":"Organization","@id":"https:\/\/armeriaeskola.eus\/#organization","name":"Armeria Eskola","url":"https:\/\/armeriaeskola.eus\/","logo":{"@type":"ImageObject","inLanguage":"es","@id":"https:\/\/armeriaeskola.eus\/#\/schema\/logo\/image\/","url":"https:\/\/armeriaeskola.eus\/wp-content\/uploads\/armeria-eskola-youtube1.jpg","contentUrl":"https:\/\/armeriaeskola.eus\/wp-content\/uploads\/armeria-eskola-youtube1.jpg","width":1000,"height":501,"caption":"Armeria Eskola"},"image":{"@id":"https:\/\/armeriaeskola.eus\/#\/schema\/logo\/image\/"},"sameAs":["https:\/\/www.facebook.com\/armeriaeskola","https:\/\/x.com\/ArmeriaEskola","https:\/\/www.instagram.com\/armeriaeskola\/","https:\/\/www.linkedin.com\/company\/asociaciondearmeriaeskola\/","https:\/\/www.youtube.com\/user\/100armeriaeskola"]},{"@type":"Person","@id":"https:\/\/armeriaeskola.eus\/#\/schema\/person\/556cc6ece953729a0ba6f78b66e54fc9","name":"Administratzailea","image":{"@type":"ImageObject","inLanguage":"es","@id":"https:\/\/secure.gravatar.com\/avatar\/8b2e098c27974ed137406b913c3d1ad97e377132fd5a6545df4ff35523a1f3c9?s=96&d=mm&r=g","url":"https:\/\/secure.gravatar.com\/avatar\/8b2e098c27974ed137406b913c3d1ad97e377132fd5a6545df4ff35523a1f3c9?s=96&d=mm&r=g","contentUrl":"https:\/\/secure.gravatar.com\/avatar\/8b2e098c27974ed137406b913c3d1ad97e377132fd5a6545df4ff35523a1f3c9?s=96&d=mm&r=g","caption":"Administratzailea"}}]}},"_links":{"self":[{"href":"https:\/\/armeriaeskola.eus\/es\/wp-json\/wp\/v2\/posts\/20539","targetHints":{"allow":["GET"]}}],"collection":[{"href":"https:\/\/armeriaeskola.eus\/es\/wp-json\/wp\/v2\/posts"}],"about":[{"href":"https:\/\/armeriaeskola.eus\/es\/wp-json\/wp\/v2\/types\/post"}],"author":[{"embeddable":true,"href":"https:\/\/armeriaeskola.eus\/es\/wp-json\/wp\/v2\/users\/6"}],"replies":[{"embeddable":true,"href":"https:\/\/armeriaeskola.eus\/es\/wp-json\/wp\/v2\/comments?post=20539"}],"version-history":[{"count":1,"href":"https:\/\/armeriaeskola.eus\/es\/wp-json\/wp\/v2\/posts\/20539\/revisions"}],"predecessor-version":[{"id":20540,"href":"https:\/\/armeriaeskola.eus\/es\/wp-json\/wp\/v2\/posts\/20539\/revisions\/20540"}],"wp:featuredmedia":[{"embeddable":true,"href":"https:\/\/armeriaeskola.eus\/es\/wp-json\/wp\/v2\/media\/20522"}],"wp:attachment":[{"href":"https:\/\/armeriaeskola.eus\/es\/wp-json\/wp\/v2\/media?parent=20539"}],"wp:term":[{"taxonomy":"category","embeddable":true,"href":"https:\/\/armeriaeskola.eus\/es\/wp-json\/wp\/v2\/categories?post=20539"},{"taxonomy":"post_tag","embeddable":true,"href":"https:\/\/armeriaeskola.eus\/es\/wp-json\/wp\/v2\/tags?post=20539"}],"curies":[{"name":"wp","href":"https:\/\/api.w.org\/{rel}","templated":true}]}}