{"id":19842,"date":"2022-10-06T13:29:53","date_gmt":"2022-10-06T11:29:53","guid":{"rendered":"https:\/\/armeriaeskola.eus\/?p=19842"},"modified":"2022-10-10T15:37:16","modified_gmt":"2022-10-10T13:37:16","slug":"mayoria-de-mujeres-en-el-curso-de-mecanizado-por-arranque-de-viruta","status":"publish","type":"post","link":"https:\/\/armeriaeskola.eus\/es\/mayoria-de-mujeres-en-el-curso-de-mecanizado-por-arranque-de-viruta\/","title":{"rendered":"Mayor\u00eda de mujeres en el curso de Mecanizado por Arranque de Viruta"},"content":{"rendered":"<p>El 17 de septiembre comenz\u00f3 el curso de Mecanizado por arranque de viruta. Se trata de un curso para personas desempleadas que tiene una duraci\u00f3n de 540 horas. Esta edici\u00f3n es muy especial, ya que en el curso se han inscrito 15 alumnos, de los cuales 8 son mujeres, superando por primera vez el n\u00famero de hombres. Es evidente que la sociedad est\u00e1 dando pasos importantes para romper con los estereotipos y las mujeres est\u00e1n ocupando su lugar en todos los \u00e1mbitos profesionales.<\/p>\n<div class=\"row\">\n<div class=\"col-md-12 col-xs-12\"><\/div>\n<\/div>\n","protected":false},"excerpt":{"rendered":"<p>El 17 de septiembre comenz\u00f3 el curso de Mecanizado por arranque de viruta. Se trata de un curso para personas desempleadas que tiene una duraci\u00f3n de 540 horas. Esta edici\u00f3n es muy especial, ya que en el curso se han &hellip; <\/p>\n","protected":false},"author":6,"featured_media":19835,"comment_status":"closed","ping_status":"closed","sticky":false,"template":"","format":"standard","meta":{"_acf_changed":false,"rs_blank_template":"","rs_page_bg_color":"","slide_template_v7":"","footnotes":""},"categories":[1],"tags":[],"class_list":["post-19842","post","type-post","status-publish","format-standard","has-post-thumbnail","hentry","category-noticias-categoria"],"acf":[],"yoast_head":"<!-- This site is optimized with the Yoast SEO plugin v27.4 - https:\/\/yoast.com\/product\/yoast-seo-wordpress\/ -->\n<title>Mayor\u00eda de mujeres en el curso de Mecanizado por Arranque de Viruta - Armeria Eskola<\/title>\n<meta name=\"robots\" content=\"index, follow, max-snippet:-1, max-image-preview:large, max-video-preview:-1\" \/>\n<link rel=\"canonical\" href=\"https:\/\/armeriaeskola.eus\/es\/mayoria-de-mujeres-en-el-curso-de-mecanizado-por-arranque-de-viruta\/\" \/>\n<meta property=\"og:locale\" content=\"es_ES\" \/>\n<meta property=\"og:type\" content=\"article\" \/>\n<meta property=\"og:title\" content=\"Mayor\u00eda de mujeres en el curso de Mecanizado por Arranque de Viruta - Armeria Eskola\" \/>\n<meta property=\"og:description\" content=\"El 17 de septiembre comenz\u00f3 el curso de Mecanizado por arranque de viruta. Se trata de un curso para personas desempleadas que tiene una duraci\u00f3n de 540 horas. Esta edici\u00f3n es muy especial, ya que en el curso se han &hellip;\" \/>\n<meta property=\"og:url\" content=\"https:\/\/armeriaeskola.eus\/es\/mayoria-de-mujeres-en-el-curso-de-mecanizado-por-arranque-de-viruta\/\" \/>\n<meta property=\"og:site_name\" content=\"Armeria Eskola\" \/>\n<meta property=\"article:publisher\" content=\"https:\/\/www.facebook.com\/armeriaeskola\" \/>\n<meta property=\"article:published_time\" content=\"2022-10-06T11:29:53+00:00\" \/>\n<meta property=\"article:modified_time\" content=\"2022-10-10T13:37:16+00:00\" \/>\n<meta property=\"og:image\" content=\"https:\/\/armeriaeskola.eus\/wp-content\/uploads\/IMG_0284-scaled.jpg\" \/>\n\t<meta property=\"og:image:width\" content=\"2560\" \/>\n\t<meta property=\"og:image:height\" content=\"1920\" \/>\n\t<meta property=\"og:image:type\" content=\"image\/jpeg\" \/>\n<meta name=\"author\" content=\"Administratzailea\" \/>\n<meta name=\"twitter:card\" content=\"summary_large_image\" \/>\n<meta name=\"twitter:creator\" content=\"@ArmeriaEskola\" \/>\n<meta name=\"twitter:site\" content=\"@ArmeriaEskola\" \/>\n<meta name=\"twitter:label1\" content=\"Escrito por\" \/>\n\t<meta name=\"twitter:data1\" content=\"Administratzailea\" \/>\n\t<meta name=\"twitter:label2\" content=\"Tiempo de lectura\" \/>\n\t<meta name=\"twitter:data2\" content=\"1 minuto\" \/>\n<script type=\"application\/ld+json\" class=\"yoast-schema-graph\">{\"@context\":\"https:\\\/\\\/schema.org\",\"@graph\":[{\"@type\":\"Article\",\"@id\":\"https:\\\/\\\/armeriaeskola.eus\\\/es\\\/mayoria-de-mujeres-en-el-curso-de-mecanizado-por-arranque-de-viruta\\\/#article\",\"isPartOf\":{\"@id\":\"https:\\\/\\\/armeriaeskola.eus\\\/es\\\/mayoria-de-mujeres-en-el-curso-de-mecanizado-por-arranque-de-viruta\\\/\"},\"author\":{\"name\":\"Administratzailea\",\"@id\":\"https:\\\/\\\/armeriaeskola.eus\\\/#\\\/schema\\\/person\\\/556cc6ece953729a0ba6f78b66e54fc9\"},\"headline\":\"Mayor\u00eda de mujeres en el curso de Mecanizado por Arranque de Viruta\",\"datePublished\":\"2022-10-06T11:29:53+00:00\",\"dateModified\":\"2022-10-10T13:37:16+00:00\",\"mainEntityOfPage\":{\"@id\":\"https:\\\/\\\/armeriaeskola.eus\\\/es\\\/mayoria-de-mujeres-en-el-curso-de-mecanizado-por-arranque-de-viruta\\\/\"},\"wordCount\":96,\"publisher\":{\"@id\":\"https:\\\/\\\/armeriaeskola.eus\\\/#organization\"},\"image\":{\"@id\":\"https:\\\/\\\/armeriaeskola.eus\\\/es\\\/mayoria-de-mujeres-en-el-curso-de-mecanizado-por-arranque-de-viruta\\\/#primaryimage\"},\"thumbnailUrl\":\"https:\\\/\\\/armeriaeskola.eus\\\/wp-content\\\/uploads\\\/IMG_0284-scaled.jpg\",\"articleSection\":[\"Noticias\"],\"inLanguage\":\"es\"},{\"@type\":\"WebPage\",\"@id\":\"https:\\\/\\\/armeriaeskola.eus\\\/es\\\/mayoria-de-mujeres-en-el-curso-de-mecanizado-por-arranque-de-viruta\\\/\",\"url\":\"https:\\\/\\\/armeriaeskola.eus\\\/es\\\/mayoria-de-mujeres-en-el-curso-de-mecanizado-por-arranque-de-viruta\\\/\",\"name\":\"Mayor\u00eda de mujeres en el curso de Mecanizado por Arranque de Viruta - Armeria Eskola\",\"isPartOf\":{\"@id\":\"https:\\\/\\\/armeriaeskola.eus\\\/#website\"},\"primaryImageOfPage\":{\"@id\":\"https:\\\/\\\/armeriaeskola.eus\\\/es\\\/mayoria-de-mujeres-en-el-curso-de-mecanizado-por-arranque-de-viruta\\\/#primaryimage\"},\"image\":{\"@id\":\"https:\\\/\\\/armeriaeskola.eus\\\/es\\\/mayoria-de-mujeres-en-el-curso-de-mecanizado-por-arranque-de-viruta\\\/#primaryimage\"},\"thumbnailUrl\":\"https:\\\/\\\/armeriaeskola.eus\\\/wp-content\\\/uploads\\\/IMG_0284-scaled.jpg\",\"datePublished\":\"2022-10-06T11:29:53+00:00\",\"dateModified\":\"2022-10-10T13:37:16+00:00\",\"breadcrumb\":{\"@id\":\"https:\\\/\\\/armeriaeskola.eus\\\/es\\\/mayoria-de-mujeres-en-el-curso-de-mecanizado-por-arranque-de-viruta\\\/#breadcrumb\"},\"inLanguage\":\"es\",\"potentialAction\":[{\"@type\":\"ReadAction\",\"target\":[\"https:\\\/\\\/armeriaeskola.eus\\\/es\\\/mayoria-de-mujeres-en-el-curso-de-mecanizado-por-arranque-de-viruta\\\/\"]}]},{\"@type\":\"ImageObject\",\"inLanguage\":\"es\",\"@id\":\"https:\\\/\\\/armeriaeskola.eus\\\/es\\\/mayoria-de-mujeres-en-el-curso-de-mecanizado-por-arranque-de-viruta\\\/#primaryimage\",\"url\":\"https:\\\/\\\/armeriaeskola.eus\\\/wp-content\\\/uploads\\\/IMG_0284-scaled.jpg\",\"contentUrl\":\"https:\\\/\\\/armeriaeskola.eus\\\/wp-content\\\/uploads\\\/IMG_0284-scaled.jpg\",\"width\":2560,\"height\":1920},{\"@type\":\"BreadcrumbList\",\"@id\":\"https:\\\/\\\/armeriaeskola.eus\\\/es\\\/mayoria-de-mujeres-en-el-curso-de-mecanizado-por-arranque-de-viruta\\\/#breadcrumb\",\"itemListElement\":[{\"@type\":\"ListItem\",\"position\":1,\"name\":\"Portada\",\"item\":\"https:\\\/\\\/armeriaeskola.eus\\\/es\\\/\"},{\"@type\":\"ListItem\",\"position\":2,\"name\":\"Mayor\u00eda de mujeres en el curso de Mecanizado por Arranque de Viruta\"}]},{\"@type\":\"WebSite\",\"@id\":\"https:\\\/\\\/armeriaeskola.eus\\\/#website\",\"url\":\"https:\\\/\\\/armeriaeskola.eus\\\/\",\"name\":\"Armeria Eskola\",\"description\":\"Centro Integral P\u00fablico de Formaci\u00f3n Profesional\",\"publisher\":{\"@id\":\"https:\\\/\\\/armeriaeskola.eus\\\/#organization\"},\"potentialAction\":[{\"@type\":\"SearchAction\",\"target\":{\"@type\":\"EntryPoint\",\"urlTemplate\":\"https:\\\/\\\/armeriaeskola.eus\\\/?s={search_term_string}\"},\"query-input\":{\"@type\":\"PropertyValueSpecification\",\"valueRequired\":true,\"valueName\":\"search_term_string\"}}],\"inLanguage\":\"es\"},{\"@type\":\"Organization\",\"@id\":\"https:\\\/\\\/armeriaeskola.eus\\\/#organization\",\"name\":\"Armeria Eskola\",\"url\":\"https:\\\/\\\/armeriaeskola.eus\\\/\",\"logo\":{\"@type\":\"ImageObject\",\"inLanguage\":\"es\",\"@id\":\"https:\\\/\\\/armeriaeskola.eus\\\/#\\\/schema\\\/logo\\\/image\\\/\",\"url\":\"https:\\\/\\\/armeriaeskola.eus\\\/wp-content\\\/uploads\\\/armeria-eskola-youtube1.jpg\",\"contentUrl\":\"https:\\\/\\\/armeriaeskola.eus\\\/wp-content\\\/uploads\\\/armeria-eskola-youtube1.jpg\",\"width\":1000,\"height\":501,\"caption\":\"Armeria Eskola\"},\"image\":{\"@id\":\"https:\\\/\\\/armeriaeskola.eus\\\/#\\\/schema\\\/logo\\\/image\\\/\"},\"sameAs\":[\"https:\\\/\\\/www.facebook.com\\\/armeriaeskola\",\"https:\\\/\\\/x.com\\\/ArmeriaEskola\",\"https:\\\/\\\/www.instagram.com\\\/armeriaeskola\\\/\",\"https:\\\/\\\/www.linkedin.com\\\/company\\\/asociaciondearmeriaeskola\\\/\",\"https:\\\/\\\/www.youtube.com\\\/user\\\/100armeriaeskola\"]},{\"@type\":\"Person\",\"@id\":\"https:\\\/\\\/armeriaeskola.eus\\\/#\\\/schema\\\/person\\\/556cc6ece953729a0ba6f78b66e54fc9\",\"name\":\"Administratzailea\",\"image\":{\"@type\":\"ImageObject\",\"inLanguage\":\"es\",\"@id\":\"https:\\\/\\\/secure.gravatar.com\\\/avatar\\\/8b2e098c27974ed137406b913c3d1ad97e377132fd5a6545df4ff35523a1f3c9?s=96&d=mm&r=g\",\"url\":\"https:\\\/\\\/secure.gravatar.com\\\/avatar\\\/8b2e098c27974ed137406b913c3d1ad97e377132fd5a6545df4ff35523a1f3c9?s=96&d=mm&r=g\",\"contentUrl\":\"https:\\\/\\\/secure.gravatar.com\\\/avatar\\\/8b2e098c27974ed137406b913c3d1ad97e377132fd5a6545df4ff35523a1f3c9?s=96&d=mm&r=g\",\"caption\":\"Administratzailea\"}}]}<\/script>\n<!-- \/ Yoast SEO plugin. -->","yoast_head_json":{"title":"Mayor\u00eda de mujeres en el curso de Mecanizado por Arranque de Viruta - Armeria Eskola","robots":{"index":"index","follow":"follow","max-snippet":"max-snippet:-1","max-image-preview":"max-image-preview:large","max-video-preview":"max-video-preview:-1"},"canonical":"https:\/\/armeriaeskola.eus\/es\/mayoria-de-mujeres-en-el-curso-de-mecanizado-por-arranque-de-viruta\/","og_locale":"es_ES","og_type":"article","og_title":"Mayor\u00eda de mujeres en el curso de Mecanizado por Arranque de Viruta - Armeria Eskola","og_description":"El 17 de septiembre comenz\u00f3 el curso de Mecanizado por arranque de viruta. Se trata de un curso para personas desempleadas que tiene una duraci\u00f3n de 540 horas. Esta edici\u00f3n es muy especial, ya que en el curso se han &hellip;","og_url":"https:\/\/armeriaeskola.eus\/es\/mayoria-de-mujeres-en-el-curso-de-mecanizado-por-arranque-de-viruta\/","og_site_name":"Armeria Eskola","article_publisher":"https:\/\/www.facebook.com\/armeriaeskola","article_published_time":"2022-10-06T11:29:53+00:00","article_modified_time":"2022-10-10T13:37:16+00:00","og_image":[{"width":2560,"height":1920,"url":"https:\/\/armeriaeskola.eus\/wp-content\/uploads\/IMG_0284-scaled.jpg","type":"image\/jpeg"}],"author":"Administratzailea","twitter_card":"summary_large_image","twitter_creator":"@ArmeriaEskola","twitter_site":"@ArmeriaEskola","twitter_misc":{"Escrito por":"Administratzailea","Tiempo de lectura":"1 minuto"},"schema":{"@context":"https:\/\/schema.org","@graph":[{"@type":"Article","@id":"https:\/\/armeriaeskola.eus\/es\/mayoria-de-mujeres-en-el-curso-de-mecanizado-por-arranque-de-viruta\/#article","isPartOf":{"@id":"https:\/\/armeriaeskola.eus\/es\/mayoria-de-mujeres-en-el-curso-de-mecanizado-por-arranque-de-viruta\/"},"author":{"name":"Administratzailea","@id":"https:\/\/armeriaeskola.eus\/#\/schema\/person\/556cc6ece953729a0ba6f78b66e54fc9"},"headline":"Mayor\u00eda de mujeres en el curso de Mecanizado por Arranque de Viruta","datePublished":"2022-10-06T11:29:53+00:00","dateModified":"2022-10-10T13:37:16+00:00","mainEntityOfPage":{"@id":"https:\/\/armeriaeskola.eus\/es\/mayoria-de-mujeres-en-el-curso-de-mecanizado-por-arranque-de-viruta\/"},"wordCount":96,"publisher":{"@id":"https:\/\/armeriaeskola.eus\/#organization"},"image":{"@id":"https:\/\/armeriaeskola.eus\/es\/mayoria-de-mujeres-en-el-curso-de-mecanizado-por-arranque-de-viruta\/#primaryimage"},"thumbnailUrl":"https:\/\/armeriaeskola.eus\/wp-content\/uploads\/IMG_0284-scaled.jpg","articleSection":["Noticias"],"inLanguage":"es"},{"@type":"WebPage","@id":"https:\/\/armeriaeskola.eus\/es\/mayoria-de-mujeres-en-el-curso-de-mecanizado-por-arranque-de-viruta\/","url":"https:\/\/armeriaeskola.eus\/es\/mayoria-de-mujeres-en-el-curso-de-mecanizado-por-arranque-de-viruta\/","name":"Mayor\u00eda de mujeres en el curso de Mecanizado por Arranque de Viruta - Armeria Eskola","isPartOf":{"@id":"https:\/\/armeriaeskola.eus\/#website"},"primaryImageOfPage":{"@id":"https:\/\/armeriaeskola.eus\/es\/mayoria-de-mujeres-en-el-curso-de-mecanizado-por-arranque-de-viruta\/#primaryimage"},"image":{"@id":"https:\/\/armeriaeskola.eus\/es\/mayoria-de-mujeres-en-el-curso-de-mecanizado-por-arranque-de-viruta\/#primaryimage"},"thumbnailUrl":"https:\/\/armeriaeskola.eus\/wp-content\/uploads\/IMG_0284-scaled.jpg","datePublished":"2022-10-06T11:29:53+00:00","dateModified":"2022-10-10T13:37:16+00:00","breadcrumb":{"@id":"https:\/\/armeriaeskola.eus\/es\/mayoria-de-mujeres-en-el-curso-de-mecanizado-por-arranque-de-viruta\/#breadcrumb"},"inLanguage":"es","potentialAction":[{"@type":"ReadAction","target":["https:\/\/armeriaeskola.eus\/es\/mayoria-de-mujeres-en-el-curso-de-mecanizado-por-arranque-de-viruta\/"]}]},{"@type":"ImageObject","inLanguage":"es","@id":"https:\/\/armeriaeskola.eus\/es\/mayoria-de-mujeres-en-el-curso-de-mecanizado-por-arranque-de-viruta\/#primaryimage","url":"https:\/\/armeriaeskola.eus\/wp-content\/uploads\/IMG_0284-scaled.jpg","contentUrl":"https:\/\/armeriaeskola.eus\/wp-content\/uploads\/IMG_0284-scaled.jpg","width":2560,"height":1920},{"@type":"BreadcrumbList","@id":"https:\/\/armeriaeskola.eus\/es\/mayoria-de-mujeres-en-el-curso-de-mecanizado-por-arranque-de-viruta\/#breadcrumb","itemListElement":[{"@type":"ListItem","position":1,"name":"Portada","item":"https:\/\/armeriaeskola.eus\/es\/"},{"@type":"ListItem","position":2,"name":"Mayor\u00eda de mujeres en el curso de Mecanizado por Arranque de Viruta"}]},{"@type":"WebSite","@id":"https:\/\/armeriaeskola.eus\/#website","url":"https:\/\/armeriaeskola.eus\/","name":"Armeria Eskola","description":"Centro Integral P\u00fablico de Formaci\u00f3n Profesional","publisher":{"@id":"https:\/\/armeriaeskola.eus\/#organization"},"potentialAction":[{"@type":"SearchAction","target":{"@type":"EntryPoint","urlTemplate":"https:\/\/armeriaeskola.eus\/?s={search_term_string}"},"query-input":{"@type":"PropertyValueSpecification","valueRequired":true,"valueName":"search_term_string"}}],"inLanguage":"es"},{"@type":"Organization","@id":"https:\/\/armeriaeskola.eus\/#organization","name":"Armeria Eskola","url":"https:\/\/armeriaeskola.eus\/","logo":{"@type":"ImageObject","inLanguage":"es","@id":"https:\/\/armeriaeskola.eus\/#\/schema\/logo\/image\/","url":"https:\/\/armeriaeskola.eus\/wp-content\/uploads\/armeria-eskola-youtube1.jpg","contentUrl":"https:\/\/armeriaeskola.eus\/wp-content\/uploads\/armeria-eskola-youtube1.jpg","width":1000,"height":501,"caption":"Armeria Eskola"},"image":{"@id":"https:\/\/armeriaeskola.eus\/#\/schema\/logo\/image\/"},"sameAs":["https:\/\/www.facebook.com\/armeriaeskola","https:\/\/x.com\/ArmeriaEskola","https:\/\/www.instagram.com\/armeriaeskola\/","https:\/\/www.linkedin.com\/company\/asociaciondearmeriaeskola\/","https:\/\/www.youtube.com\/user\/100armeriaeskola"]},{"@type":"Person","@id":"https:\/\/armeriaeskola.eus\/#\/schema\/person\/556cc6ece953729a0ba6f78b66e54fc9","name":"Administratzailea","image":{"@type":"ImageObject","inLanguage":"es","@id":"https:\/\/secure.gravatar.com\/avatar\/8b2e098c27974ed137406b913c3d1ad97e377132fd5a6545df4ff35523a1f3c9?s=96&d=mm&r=g","url":"https:\/\/secure.gravatar.com\/avatar\/8b2e098c27974ed137406b913c3d1ad97e377132fd5a6545df4ff35523a1f3c9?s=96&d=mm&r=g","contentUrl":"https:\/\/secure.gravatar.com\/avatar\/8b2e098c27974ed137406b913c3d1ad97e377132fd5a6545df4ff35523a1f3c9?s=96&d=mm&r=g","caption":"Administratzailea"}}]}},"_links":{"self":[{"href":"https:\/\/armeriaeskola.eus\/es\/wp-json\/wp\/v2\/posts\/19842","targetHints":{"allow":["GET"]}}],"collection":[{"href":"https:\/\/armeriaeskola.eus\/es\/wp-json\/wp\/v2\/posts"}],"about":[{"href":"https:\/\/armeriaeskola.eus\/es\/wp-json\/wp\/v2\/types\/post"}],"author":[{"embeddable":true,"href":"https:\/\/armeriaeskola.eus\/es\/wp-json\/wp\/v2\/users\/6"}],"replies":[{"embeddable":true,"href":"https:\/\/armeriaeskola.eus\/es\/wp-json\/wp\/v2\/comments?post=19842"}],"version-history":[{"count":4,"href":"https:\/\/armeriaeskola.eus\/es\/wp-json\/wp\/v2\/posts\/19842\/revisions"}],"predecessor-version":[{"id":19867,"href":"https:\/\/armeriaeskola.eus\/es\/wp-json\/wp\/v2\/posts\/19842\/revisions\/19867"}],"wp:featuredmedia":[{"embeddable":true,"href":"https:\/\/armeriaeskola.eus\/es\/wp-json\/wp\/v2\/media\/19835"}],"wp:attachment":[{"href":"https:\/\/armeriaeskola.eus\/es\/wp-json\/wp\/v2\/media?parent=19842"}],"wp:term":[{"taxonomy":"category","embeddable":true,"href":"https:\/\/armeriaeskola.eus\/es\/wp-json\/wp\/v2\/categories?post=19842"},{"taxonomy":"post_tag","embeddable":true,"href":"https:\/\/armeriaeskola.eus\/es\/wp-json\/wp\/v2\/tags?post=19842"}],"curies":[{"name":"wp","href":"https:\/\/api.w.org\/{rel}","templated":true}]}}