{"id":19144,"date":"2022-04-11T19:28:57","date_gmt":"2022-04-11T17:28:57","guid":{"rendered":"https:\/\/armeriaeskola.eus\/?p=19144"},"modified":"2022-05-16T09:21:25","modified_gmt":"2022-05-16T07:21:25","slug":"prematricula-del-9-al-27-de-mayo-ambos-inclusive","status":"publish","type":"post","link":"https:\/\/armeriaeskola.eus\/es\/prematricula-del-9-al-27-de-mayo-ambos-inclusive\/","title":{"rendered":"Prematr\u00edcula del 9 al 27 de mayo (ambos inclusive)"},"content":{"rendered":"<p><strong>PLAZO DE PRESENTACI\u00d3N DE SOLICITUDES:<\/strong><\/p>\n<ul>\n<li>Del 9 al 27 de mayo, ambos inclusive.<\/li>\n<\/ul>\n<p>&nbsp;<\/p>\n<p><strong>COMO REALIZAR LA SOLICITUD:<\/strong><\/p>\n<ul>\n<li>Realizaci\u00f3n presencial en el centro.<\/li>\n<li>Formato Online a trav\u00e9s del portal <a href=\"https:\/\/ikasgunea.euskadi.eus\/es\/inicio\">Ikasgunea.<\/a> Ten en cuenta que es necesario escanear y adjuntar la documentaci\u00f3n.<\/li>\n<\/ul>\n<p>M\u00e1s informaci\u00f3n en la p\u00e1gina web de <a href=\"https:\/\/www.ikaslangipuzkoa.eus\/es\/comunicacion?set_language=es\">Ikaslan Gipuzkoa<\/a><\/p>\n<p>&nbsp;<\/p>\n<p><strong>DOCUMENTACI\u00d3N A APORTAR<\/strong><\/p>\n<ul>\n<li>Fotoc\u00f3pia del DNI<\/li>\n<li>Expediente acad\u00e9mico<\/li>\n<\/ul>\n<p>&nbsp;<\/p>\n<p><strong>PLAZO DE ENTREGA DEL EXPEDIENTE:<\/strong><\/p>\n<ul>\n<li>30 de junio<\/li>\n<\/ul>\n<p>&nbsp;<\/p>\n<p><strong>LISTAS PROVISIONALES<\/strong><\/p>\n<ul>\n<li>8 de julio<\/li>\n<\/ul>\n<p>&nbsp;<\/p>\n<p><strong>PLAZO DE RECLAMACIONES:<\/strong><\/p>\n<ul>\n<li>Hasta el 12 de julio<\/li>\n<\/ul>\n<p>&nbsp;<\/p>\n<p><strong>LISTAS DEFINITIVAS:<\/strong><\/p>\n<ul>\n<li>14 de julio<\/li>\n<\/ul>\n<p>&nbsp;<\/p>\n<p><strong>MATRICULACI\u00d3N<\/strong><\/p>\n<ul>\n<li>Per\u00edodo ordinario:\n<ul>\n<li>Fase I: desde el 15 al 19 de julio, ambos inclusive.<\/li>\n<li>Fase II: el 21 de julio.<\/li>\n<li>Fase III: del 26 al 27 de julio, ambos inclusive.<\/li>\n<\/ul>\n<\/li>\n<li>Per\u00edodo extraordinario: 28 y 29 de julio y del 1 de septiembre al 14 de octubre, ambos inclusive<\/li>\n<\/ul>\n<p>&nbsp;<\/p>\n<p>Recuerda que tienes toda la oferta de Armeria Eskola en esta misma <a href=\"https:\/\/armeriaeskola.eus\/es\/estudios\/\">p\u00e1gina web.<\/a><\/p>\n<p>Todos los ciclos formativos se imparten tanto en euskera como en castellano, pero recuerda que el modelo D certifica los niveles B1 y B2 de euskera y abre un abanico m\u00e1s amplio de\u00a0 inserci\u00f3n laboral. Para ver las ventajas que ofrece el modelo <a href=\"https:\/\/armeriaeskola.eus\/wp-content\/uploads\/zuzendutakoa.png\">D pinche aqu\u00ed.<\/a><\/p>\n<p>Adem\u00e1s, en los ciclos formativos de Mecatr\u00f3nica y Automatizaci\u00f3n y Rob\u00f3tica Industrial tienes la posiblidad de realizar m\u00f3dulos en ing\u00e9s.<\/p>\n","protected":false},"excerpt":{"rendered":"<p>PLAZO DE PRESENTACI\u00d3N DE SOLICITUDES: Del 9 al 27 de mayo, ambos inclusive. &nbsp; COMO REALIZAR LA SOLICITUD: Realizaci\u00f3n presencial en el centro. Formato Online a trav\u00e9s del portal Ikasgunea. Ten en cuenta que es necesario escanear y adjuntar la &hellip; <\/p>\n","protected":false},"author":6,"featured_media":19195,"comment_status":"closed","ping_status":"closed","sticky":false,"template":"","format":"standard","meta":{"_acf_changed":false,"rs_blank_template":"","rs_page_bg_color":"","slide_template_v7":"","footnotes":""},"categories":[1],"tags":[],"class_list":["post-19144","post","type-post","status-publish","format-standard","has-post-thumbnail","hentry","category-noticias-categoria"],"acf":[],"yoast_head":"<!-- This site is optimized with the Yoast SEO plugin v27.4 - https:\/\/yoast.com\/product\/yoast-seo-wordpress\/ -->\n<title>Prematr\u00edcula del 9 al 27 de mayo (ambos inclusive) - Armeria Eskola<\/title>\n<meta name=\"robots\" content=\"index, follow, max-snippet:-1, max-image-preview:large, max-video-preview:-1\" \/>\n<link rel=\"canonical\" href=\"https:\/\/armeriaeskola.eus\/es\/prematricula-del-9-al-27-de-mayo-ambos-inclusive\/\" \/>\n<meta property=\"og:locale\" content=\"es_ES\" \/>\n<meta property=\"og:type\" content=\"article\" \/>\n<meta property=\"og:title\" content=\"Prematr\u00edcula del 9 al 27 de mayo (ambos inclusive) - Armeria Eskola\" \/>\n<meta property=\"og:description\" content=\"PLAZO DE PRESENTACI\u00d3N DE SOLICITUDES: Del 9 al 27 de mayo, ambos inclusive. &nbsp; COMO REALIZAR LA SOLICITUD: Realizaci\u00f3n presencial en el centro. Formato Online a trav\u00e9s del portal Ikasgunea. Ten en cuenta que es necesario escanear y adjuntar la &hellip;\" \/>\n<meta property=\"og:url\" content=\"https:\/\/armeriaeskola.eus\/es\/prematricula-del-9-al-27-de-mayo-ambos-inclusive\/\" \/>\n<meta property=\"og:site_name\" content=\"Armeria Eskola\" \/>\n<meta property=\"article:publisher\" content=\"https:\/\/www.facebook.com\/armeriaeskola\" \/>\n<meta property=\"article:published_time\" content=\"2022-04-11T17:28:57+00:00\" \/>\n<meta property=\"article:modified_time\" content=\"2022-05-16T07:21:25+00:00\" \/>\n<meta property=\"og:image\" content=\"https:\/\/armeriaeskola.eus\/wp-content\/uploads\/Disen\u0303o-sin-ti\u0301tulo-13.png\" \/>\n\t<meta property=\"og:image:width\" content=\"1920\" \/>\n\t<meta property=\"og:image:height\" content=\"1080\" \/>\n\t<meta property=\"og:image:type\" content=\"image\/png\" \/>\n<meta name=\"author\" content=\"Administratzailea\" \/>\n<meta name=\"twitter:card\" content=\"summary_large_image\" \/>\n<meta name=\"twitter:creator\" content=\"@ArmeriaEskola\" \/>\n<meta name=\"twitter:site\" content=\"@ArmeriaEskola\" \/>\n<meta name=\"twitter:label1\" content=\"Escrito por\" \/>\n\t<meta name=\"twitter:data1\" content=\"Administratzailea\" \/>\n\t<meta name=\"twitter:label2\" content=\"Tiempo de lectura\" \/>\n\t<meta name=\"twitter:data2\" content=\"2 minutos\" \/>\n<script type=\"application\/ld+json\" class=\"yoast-schema-graph\">{\"@context\":\"https:\\\/\\\/schema.org\",\"@graph\":[{\"@type\":\"Article\",\"@id\":\"https:\\\/\\\/armeriaeskola.eus\\\/es\\\/prematricula-del-9-al-27-de-mayo-ambos-inclusive\\\/#article\",\"isPartOf\":{\"@id\":\"https:\\\/\\\/armeriaeskola.eus\\\/es\\\/prematricula-del-9-al-27-de-mayo-ambos-inclusive\\\/\"},\"author\":{\"name\":\"Administratzailea\",\"@id\":\"https:\\\/\\\/armeriaeskola.eus\\\/#\\\/schema\\\/person\\\/556cc6ece953729a0ba6f78b66e54fc9\"},\"headline\":\"Prematr\u00edcula del 9 al 27 de mayo (ambos inclusive)\",\"datePublished\":\"2022-04-11T17:28:57+00:00\",\"dateModified\":\"2022-05-16T07:21:25+00:00\",\"mainEntityOfPage\":{\"@id\":\"https:\\\/\\\/armeriaeskola.eus\\\/es\\\/prematricula-del-9-al-27-de-mayo-ambos-inclusive\\\/\"},\"wordCount\":234,\"publisher\":{\"@id\":\"https:\\\/\\\/armeriaeskola.eus\\\/#organization\"},\"image\":{\"@id\":\"https:\\\/\\\/armeriaeskola.eus\\\/es\\\/prematricula-del-9-al-27-de-mayo-ambos-inclusive\\\/#primaryimage\"},\"thumbnailUrl\":\"https:\\\/\\\/armeriaeskola.eus\\\/wp-content\\\/uploads\\\/Disen\u0303o-sin-ti\u0301tulo-13.png\",\"articleSection\":[\"Noticias\"],\"inLanguage\":\"es\"},{\"@type\":\"WebPage\",\"@id\":\"https:\\\/\\\/armeriaeskola.eus\\\/es\\\/prematricula-del-9-al-27-de-mayo-ambos-inclusive\\\/\",\"url\":\"https:\\\/\\\/armeriaeskola.eus\\\/es\\\/prematricula-del-9-al-27-de-mayo-ambos-inclusive\\\/\",\"name\":\"Prematr\u00edcula del 9 al 27 de mayo (ambos inclusive) - Armeria Eskola\",\"isPartOf\":{\"@id\":\"https:\\\/\\\/armeriaeskola.eus\\\/#website\"},\"primaryImageOfPage\":{\"@id\":\"https:\\\/\\\/armeriaeskola.eus\\\/es\\\/prematricula-del-9-al-27-de-mayo-ambos-inclusive\\\/#primaryimage\"},\"image\":{\"@id\":\"https:\\\/\\\/armeriaeskola.eus\\\/es\\\/prematricula-del-9-al-27-de-mayo-ambos-inclusive\\\/#primaryimage\"},\"thumbnailUrl\":\"https:\\\/\\\/armeriaeskola.eus\\\/wp-content\\\/uploads\\\/Disen\u0303o-sin-ti\u0301tulo-13.png\",\"datePublished\":\"2022-04-11T17:28:57+00:00\",\"dateModified\":\"2022-05-16T07:21:25+00:00\",\"breadcrumb\":{\"@id\":\"https:\\\/\\\/armeriaeskola.eus\\\/es\\\/prematricula-del-9-al-27-de-mayo-ambos-inclusive\\\/#breadcrumb\"},\"inLanguage\":\"es\",\"potentialAction\":[{\"@type\":\"ReadAction\",\"target\":[\"https:\\\/\\\/armeriaeskola.eus\\\/es\\\/prematricula-del-9-al-27-de-mayo-ambos-inclusive\\\/\"]}]},{\"@type\":\"ImageObject\",\"inLanguage\":\"es\",\"@id\":\"https:\\\/\\\/armeriaeskola.eus\\\/es\\\/prematricula-del-9-al-27-de-mayo-ambos-inclusive\\\/#primaryimage\",\"url\":\"https:\\\/\\\/armeriaeskola.eus\\\/wp-content\\\/uploads\\\/Disen\u0303o-sin-ti\u0301tulo-13.png\",\"contentUrl\":\"https:\\\/\\\/armeriaeskola.eus\\\/wp-content\\\/uploads\\\/Disen\u0303o-sin-ti\u0301tulo-13.png\",\"width\":1920,\"height\":1080},{\"@type\":\"BreadcrumbList\",\"@id\":\"https:\\\/\\\/armeriaeskola.eus\\\/es\\\/prematricula-del-9-al-27-de-mayo-ambos-inclusive\\\/#breadcrumb\",\"itemListElement\":[{\"@type\":\"ListItem\",\"position\":1,\"name\":\"Portada\",\"item\":\"https:\\\/\\\/armeriaeskola.eus\\\/es\\\/\"},{\"@type\":\"ListItem\",\"position\":2,\"name\":\"Prematr\u00edcula del 9 al 27 de mayo (ambos inclusive)\"}]},{\"@type\":\"WebSite\",\"@id\":\"https:\\\/\\\/armeriaeskola.eus\\\/#website\",\"url\":\"https:\\\/\\\/armeriaeskola.eus\\\/\",\"name\":\"Armeria Eskola\",\"description\":\"Centro Integral P\u00fablico de Formaci\u00f3n Profesional\",\"publisher\":{\"@id\":\"https:\\\/\\\/armeriaeskola.eus\\\/#organization\"},\"potentialAction\":[{\"@type\":\"SearchAction\",\"target\":{\"@type\":\"EntryPoint\",\"urlTemplate\":\"https:\\\/\\\/armeriaeskola.eus\\\/?s={search_term_string}\"},\"query-input\":{\"@type\":\"PropertyValueSpecification\",\"valueRequired\":true,\"valueName\":\"search_term_string\"}}],\"inLanguage\":\"es\"},{\"@type\":\"Organization\",\"@id\":\"https:\\\/\\\/armeriaeskola.eus\\\/#organization\",\"name\":\"Armeria Eskola\",\"url\":\"https:\\\/\\\/armeriaeskola.eus\\\/\",\"logo\":{\"@type\":\"ImageObject\",\"inLanguage\":\"es\",\"@id\":\"https:\\\/\\\/armeriaeskola.eus\\\/#\\\/schema\\\/logo\\\/image\\\/\",\"url\":\"https:\\\/\\\/armeriaeskola.eus\\\/wp-content\\\/uploads\\\/armeria-eskola-youtube1.jpg\",\"contentUrl\":\"https:\\\/\\\/armeriaeskola.eus\\\/wp-content\\\/uploads\\\/armeria-eskola-youtube1.jpg\",\"width\":1000,\"height\":501,\"caption\":\"Armeria Eskola\"},\"image\":{\"@id\":\"https:\\\/\\\/armeriaeskola.eus\\\/#\\\/schema\\\/logo\\\/image\\\/\"},\"sameAs\":[\"https:\\\/\\\/www.facebook.com\\\/armeriaeskola\",\"https:\\\/\\\/x.com\\\/ArmeriaEskola\",\"https:\\\/\\\/www.instagram.com\\\/armeriaeskola\\\/\",\"https:\\\/\\\/www.linkedin.com\\\/company\\\/asociaciondearmeriaeskola\\\/\",\"https:\\\/\\\/www.youtube.com\\\/user\\\/100armeriaeskola\"]},{\"@type\":\"Person\",\"@id\":\"https:\\\/\\\/armeriaeskola.eus\\\/#\\\/schema\\\/person\\\/556cc6ece953729a0ba6f78b66e54fc9\",\"name\":\"Administratzailea\",\"image\":{\"@type\":\"ImageObject\",\"inLanguage\":\"es\",\"@id\":\"https:\\\/\\\/secure.gravatar.com\\\/avatar\\\/8b2e098c27974ed137406b913c3d1ad97e377132fd5a6545df4ff35523a1f3c9?s=96&d=mm&r=g\",\"url\":\"https:\\\/\\\/secure.gravatar.com\\\/avatar\\\/8b2e098c27974ed137406b913c3d1ad97e377132fd5a6545df4ff35523a1f3c9?s=96&d=mm&r=g\",\"contentUrl\":\"https:\\\/\\\/secure.gravatar.com\\\/avatar\\\/8b2e098c27974ed137406b913c3d1ad97e377132fd5a6545df4ff35523a1f3c9?s=96&d=mm&r=g\",\"caption\":\"Administratzailea\"}}]}<\/script>\n<!-- \/ Yoast SEO plugin. -->","yoast_head_json":{"title":"Prematr\u00edcula del 9 al 27 de mayo (ambos inclusive) - Armeria Eskola","robots":{"index":"index","follow":"follow","max-snippet":"max-snippet:-1","max-image-preview":"max-image-preview:large","max-video-preview":"max-video-preview:-1"},"canonical":"https:\/\/armeriaeskola.eus\/es\/prematricula-del-9-al-27-de-mayo-ambos-inclusive\/","og_locale":"es_ES","og_type":"article","og_title":"Prematr\u00edcula del 9 al 27 de mayo (ambos inclusive) - Armeria Eskola","og_description":"PLAZO DE PRESENTACI\u00d3N DE SOLICITUDES: Del 9 al 27 de mayo, ambos inclusive. &nbsp; COMO REALIZAR LA SOLICITUD: Realizaci\u00f3n presencial en el centro. Formato Online a trav\u00e9s del portal Ikasgunea. Ten en cuenta que es necesario escanear y adjuntar la &hellip;","og_url":"https:\/\/armeriaeskola.eus\/es\/prematricula-del-9-al-27-de-mayo-ambos-inclusive\/","og_site_name":"Armeria Eskola","article_publisher":"https:\/\/www.facebook.com\/armeriaeskola","article_published_time":"2022-04-11T17:28:57+00:00","article_modified_time":"2022-05-16T07:21:25+00:00","og_image":[{"width":1920,"height":1080,"url":"https:\/\/armeriaeskola.eus\/wp-content\/uploads\/Disen\u0303o-sin-ti\u0301tulo-13.png","type":"image\/png"}],"author":"Administratzailea","twitter_card":"summary_large_image","twitter_creator":"@ArmeriaEskola","twitter_site":"@ArmeriaEskola","twitter_misc":{"Escrito por":"Administratzailea","Tiempo de lectura":"2 minutos"},"schema":{"@context":"https:\/\/schema.org","@graph":[{"@type":"Article","@id":"https:\/\/armeriaeskola.eus\/es\/prematricula-del-9-al-27-de-mayo-ambos-inclusive\/#article","isPartOf":{"@id":"https:\/\/armeriaeskola.eus\/es\/prematricula-del-9-al-27-de-mayo-ambos-inclusive\/"},"author":{"name":"Administratzailea","@id":"https:\/\/armeriaeskola.eus\/#\/schema\/person\/556cc6ece953729a0ba6f78b66e54fc9"},"headline":"Prematr\u00edcula del 9 al 27 de mayo (ambos inclusive)","datePublished":"2022-04-11T17:28:57+00:00","dateModified":"2022-05-16T07:21:25+00:00","mainEntityOfPage":{"@id":"https:\/\/armeriaeskola.eus\/es\/prematricula-del-9-al-27-de-mayo-ambos-inclusive\/"},"wordCount":234,"publisher":{"@id":"https:\/\/armeriaeskola.eus\/#organization"},"image":{"@id":"https:\/\/armeriaeskola.eus\/es\/prematricula-del-9-al-27-de-mayo-ambos-inclusive\/#primaryimage"},"thumbnailUrl":"https:\/\/armeriaeskola.eus\/wp-content\/uploads\/Disen\u0303o-sin-ti\u0301tulo-13.png","articleSection":["Noticias"],"inLanguage":"es"},{"@type":"WebPage","@id":"https:\/\/armeriaeskola.eus\/es\/prematricula-del-9-al-27-de-mayo-ambos-inclusive\/","url":"https:\/\/armeriaeskola.eus\/es\/prematricula-del-9-al-27-de-mayo-ambos-inclusive\/","name":"Prematr\u00edcula del 9 al 27 de mayo (ambos inclusive) - Armeria Eskola","isPartOf":{"@id":"https:\/\/armeriaeskola.eus\/#website"},"primaryImageOfPage":{"@id":"https:\/\/armeriaeskola.eus\/es\/prematricula-del-9-al-27-de-mayo-ambos-inclusive\/#primaryimage"},"image":{"@id":"https:\/\/armeriaeskola.eus\/es\/prematricula-del-9-al-27-de-mayo-ambos-inclusive\/#primaryimage"},"thumbnailUrl":"https:\/\/armeriaeskola.eus\/wp-content\/uploads\/Disen\u0303o-sin-ti\u0301tulo-13.png","datePublished":"2022-04-11T17:28:57+00:00","dateModified":"2022-05-16T07:21:25+00:00","breadcrumb":{"@id":"https:\/\/armeriaeskola.eus\/es\/prematricula-del-9-al-27-de-mayo-ambos-inclusive\/#breadcrumb"},"inLanguage":"es","potentialAction":[{"@type":"ReadAction","target":["https:\/\/armeriaeskola.eus\/es\/prematricula-del-9-al-27-de-mayo-ambos-inclusive\/"]}]},{"@type":"ImageObject","inLanguage":"es","@id":"https:\/\/armeriaeskola.eus\/es\/prematricula-del-9-al-27-de-mayo-ambos-inclusive\/#primaryimage","url":"https:\/\/armeriaeskola.eus\/wp-content\/uploads\/Disen\u0303o-sin-ti\u0301tulo-13.png","contentUrl":"https:\/\/armeriaeskola.eus\/wp-content\/uploads\/Disen\u0303o-sin-ti\u0301tulo-13.png","width":1920,"height":1080},{"@type":"BreadcrumbList","@id":"https:\/\/armeriaeskola.eus\/es\/prematricula-del-9-al-27-de-mayo-ambos-inclusive\/#breadcrumb","itemListElement":[{"@type":"ListItem","position":1,"name":"Portada","item":"https:\/\/armeriaeskola.eus\/es\/"},{"@type":"ListItem","position":2,"name":"Prematr\u00edcula del 9 al 27 de mayo (ambos inclusive)"}]},{"@type":"WebSite","@id":"https:\/\/armeriaeskola.eus\/#website","url":"https:\/\/armeriaeskola.eus\/","name":"Armeria Eskola","description":"Centro Integral P\u00fablico de Formaci\u00f3n Profesional","publisher":{"@id":"https:\/\/armeriaeskola.eus\/#organization"},"potentialAction":[{"@type":"SearchAction","target":{"@type":"EntryPoint","urlTemplate":"https:\/\/armeriaeskola.eus\/?s={search_term_string}"},"query-input":{"@type":"PropertyValueSpecification","valueRequired":true,"valueName":"search_term_string"}}],"inLanguage":"es"},{"@type":"Organization","@id":"https:\/\/armeriaeskola.eus\/#organization","name":"Armeria Eskola","url":"https:\/\/armeriaeskola.eus\/","logo":{"@type":"ImageObject","inLanguage":"es","@id":"https:\/\/armeriaeskola.eus\/#\/schema\/logo\/image\/","url":"https:\/\/armeriaeskola.eus\/wp-content\/uploads\/armeria-eskola-youtube1.jpg","contentUrl":"https:\/\/armeriaeskola.eus\/wp-content\/uploads\/armeria-eskola-youtube1.jpg","width":1000,"height":501,"caption":"Armeria Eskola"},"image":{"@id":"https:\/\/armeriaeskola.eus\/#\/schema\/logo\/image\/"},"sameAs":["https:\/\/www.facebook.com\/armeriaeskola","https:\/\/x.com\/ArmeriaEskola","https:\/\/www.instagram.com\/armeriaeskola\/","https:\/\/www.linkedin.com\/company\/asociaciondearmeriaeskola\/","https:\/\/www.youtube.com\/user\/100armeriaeskola"]},{"@type":"Person","@id":"https:\/\/armeriaeskola.eus\/#\/schema\/person\/556cc6ece953729a0ba6f78b66e54fc9","name":"Administratzailea","image":{"@type":"ImageObject","inLanguage":"es","@id":"https:\/\/secure.gravatar.com\/avatar\/8b2e098c27974ed137406b913c3d1ad97e377132fd5a6545df4ff35523a1f3c9?s=96&d=mm&r=g","url":"https:\/\/secure.gravatar.com\/avatar\/8b2e098c27974ed137406b913c3d1ad97e377132fd5a6545df4ff35523a1f3c9?s=96&d=mm&r=g","contentUrl":"https:\/\/secure.gravatar.com\/avatar\/8b2e098c27974ed137406b913c3d1ad97e377132fd5a6545df4ff35523a1f3c9?s=96&d=mm&r=g","caption":"Administratzailea"}}]}},"_links":{"self":[{"href":"https:\/\/armeriaeskola.eus\/es\/wp-json\/wp\/v2\/posts\/19144","targetHints":{"allow":["GET"]}}],"collection":[{"href":"https:\/\/armeriaeskola.eus\/es\/wp-json\/wp\/v2\/posts"}],"about":[{"href":"https:\/\/armeriaeskola.eus\/es\/wp-json\/wp\/v2\/types\/post"}],"author":[{"embeddable":true,"href":"https:\/\/armeriaeskola.eus\/es\/wp-json\/wp\/v2\/users\/6"}],"replies":[{"embeddable":true,"href":"https:\/\/armeriaeskola.eus\/es\/wp-json\/wp\/v2\/comments?post=19144"}],"version-history":[{"count":9,"href":"https:\/\/armeriaeskola.eus\/es\/wp-json\/wp\/v2\/posts\/19144\/revisions"}],"predecessor-version":[{"id":19299,"href":"https:\/\/armeriaeskola.eus\/es\/wp-json\/wp\/v2\/posts\/19144\/revisions\/19299"}],"wp:featuredmedia":[{"embeddable":true,"href":"https:\/\/armeriaeskola.eus\/es\/wp-json\/wp\/v2\/media\/19195"}],"wp:attachment":[{"href":"https:\/\/armeriaeskola.eus\/es\/wp-json\/wp\/v2\/media?parent=19144"}],"wp:term":[{"taxonomy":"category","embeddable":true,"href":"https:\/\/armeriaeskola.eus\/es\/wp-json\/wp\/v2\/categories?post=19144"},{"taxonomy":"post_tag","embeddable":true,"href":"https:\/\/armeriaeskola.eus\/es\/wp-json\/wp\/v2\/tags?post=19144"}],"curies":[{"name":"wp","href":"https:\/\/api.w.org\/{rel}","templated":true}]}}