{"id":18993,"date":"2022-03-23T12:08:23","date_gmt":"2022-03-23T11:08:23","guid":{"rendered":"https:\/\/armeriaeskola.eus\/?p=18993"},"modified":"2022-03-26T22:43:11","modified_gmt":"2022-03-26T21:43:11","slug":"comienza-la-competicion-de-formacion-profesional-spainskills","status":"publish","type":"post","link":"https:\/\/armeriaeskola.eus\/es\/comienza-la-competicion-de-formacion-profesional-spainskills\/","title":{"rendered":"Ambiente \u00fanico y experiencia inolvidable en la competici\u00f3n de Formaci\u00f3n Profesional SpainSkills"},"content":{"rendered":"<p>En las SpainSkils, que finalizaron el s\u00e1bado, el equipo de Armeria Eskola estuvo muy competitivo. Tanto alumnos como profesores dieron lo mejor de s\u00ed mismos en las pruebas que duraron tres d\u00edas y aunque no consiguieron medalla, vivieron un ambiente \u00fanico y una experiencia inolvidable. Enhorabuena a todos y gracias por todo el trabajo que hab\u00e9is hecho. Gracias tambi\u00e9n por representar tan dignamente a Armeria Eskola y al Pa\u00eds Vasco.<\/p>\n<div style=\"width: 640px;\" class=\"wp-video\"><video class=\"wp-video-shortcode\" id=\"video-18993-1\" width=\"640\" height=\"352\" preload=\"metadata\" controls=\"controls\"><source type=\"video\/mp4\" src=\"https:\/\/armeriaeskola.eus\/wp-content\/uploads\/SpainSkills.mp4?_=1\" \/><a href=\"https:\/\/armeriaeskola.eus\/wp-content\/uploads\/SpainSkills.mp4\">https:\/\/armeriaeskola.eus\/wp-content\/uploads\/SpainSkills.mp4<\/a><\/video><\/div>\n<p>&nbsp;<\/p>\n<p>Tras ganar sus respectivos campeonatos de EuskoSkills, la semana pasada el equipo de Armeria Eskola compi\u00f3 en las SpainSkills celebradas en Madrid. Amets Aierdi y Jokin Altuna (Automarismos y Rob\u00f3tica Industrial),\u00a0 Imad El Hachmi (Instalaciones El\u00e9ctricas y Autom\u00e1ticas) y Oussama Benrkia (Prrogramaci\u00f3n de la Producci\u00f3n en Fabricaci\u00f3n Mec\u00e1nica) participaron en las modalidades de Mecatr\u00f3nica, Instalaciones El\u00e9ctricas y Fresado por Control Num\u00e9rico respectivamente. Les acompa\u00f1aron los profesores Asier Gabilondo, Jos\u00e9 Ignacio Gabilondo, Joseba Altuna y Luis Palacios.<\/p>\n<p><img loading=\"lazy\" decoding=\"async\" class=\"size-medium wp-image-18991 alignleft\" src=\"https:\/\/armeriaeskola.eus\/wp-content\/uploads\/IMG_20220315_090951-scaled-300x225.jpg\" alt=\"\" width=\"300\" height=\"225\" srcset=\"https:\/\/armeriaeskola.eus\/wp-content\/uploads\/IMG_20220315_090951-scaled-300x225.jpg 300w, https:\/\/armeriaeskola.eus\/wp-content\/uploads\/IMG_20220315_090951-scaled-1024x768.jpg 1024w, https:\/\/armeriaeskola.eus\/wp-content\/uploads\/IMG_20220315_090951-768x576.jpg 768w, https:\/\/armeriaeskola.eus\/wp-content\/uploads\/IMG_20220315_090951-scaled-1536x1152.jpg 1536w, https:\/\/armeriaeskola.eus\/wp-content\/uploads\/IMG_20220315_090951-scaled-2048x1536.jpg 2048w\" sizes=\"auto, (max-width: 300px) 100vw, 300px\" \/><\/p>\n","protected":false},"excerpt":{"rendered":"<p>En las SpainSkils, que finalizaron el s\u00e1bado, el equipo de Armeria Eskola estuvo muy competitivo. Tanto alumnos como profesores dieron lo mejor de s\u00ed mismos en las pruebas que duraron tres d\u00edas y aunque no consiguieron medalla, vivieron un ambiente &hellip; <\/p>\n","protected":false},"author":6,"featured_media":19040,"comment_status":"closed","ping_status":"closed","sticky":false,"template":"","format":"standard","meta":{"_acf_changed":false,"rs_blank_template":"","rs_page_bg_color":"","slide_template_v7":"","footnotes":""},"categories":[1],"tags":[],"class_list":["post-18993","post","type-post","status-publish","format-standard","has-post-thumbnail","hentry","category-noticias-categoria"],"acf":[],"yoast_head":"<!-- This site is optimized with the Yoast SEO plugin v27.4 - https:\/\/yoast.com\/product\/yoast-seo-wordpress\/ -->\n<title>Ambiente \u00fanico y experiencia inolvidable en la competici\u00f3n de Formaci\u00f3n Profesional SpainSkills - Armeria Eskola<\/title>\n<meta name=\"robots\" content=\"index, follow, max-snippet:-1, max-image-preview:large, max-video-preview:-1\" \/>\n<link rel=\"canonical\" href=\"https:\/\/armeriaeskola.eus\/es\/comienza-la-competicion-de-formacion-profesional-spainskills\/\" \/>\n<meta property=\"og:locale\" content=\"es_ES\" \/>\n<meta property=\"og:type\" content=\"article\" \/>\n<meta property=\"og:title\" content=\"Ambiente \u00fanico y experiencia inolvidable en la competici\u00f3n de Formaci\u00f3n Profesional SpainSkills - Armeria Eskola\" \/>\n<meta property=\"og:description\" content=\"En las SpainSkils, que finalizaron el s\u00e1bado, el equipo de Armeria Eskola estuvo muy competitivo. Tanto alumnos como profesores dieron lo mejor de s\u00ed mismos en las pruebas que duraron tres d\u00edas y aunque no consiguieron medalla, vivieron un ambiente &hellip;\" \/>\n<meta property=\"og:url\" content=\"https:\/\/armeriaeskola.eus\/es\/comienza-la-competicion-de-formacion-profesional-spainskills\/\" \/>\n<meta property=\"og:site_name\" content=\"Armeria Eskola\" \/>\n<meta property=\"article:publisher\" content=\"https:\/\/www.facebook.com\/armeriaeskola\" \/>\n<meta property=\"article:published_time\" content=\"2022-03-23T11:08:23+00:00\" \/>\n<meta property=\"article:modified_time\" content=\"2022-03-26T21:43:11+00:00\" \/>\n<meta property=\"og:image\" content=\"https:\/\/armeriaeskola.eus\/wp-content\/uploads\/Diseno-sin-titulo-12.jpg\" \/>\n\t<meta property=\"og:image:width\" content=\"1600\" \/>\n\t<meta property=\"og:image:height\" content=\"900\" \/>\n\t<meta property=\"og:image:type\" content=\"image\/jpeg\" \/>\n<meta name=\"author\" content=\"Administratzailea\" \/>\n<meta name=\"twitter:card\" content=\"summary_large_image\" \/>\n<meta name=\"twitter:creator\" content=\"@ArmeriaEskola\" \/>\n<meta name=\"twitter:site\" content=\"@ArmeriaEskola\" \/>\n<meta name=\"twitter:label1\" content=\"Escrito por\" \/>\n\t<meta name=\"twitter:data1\" content=\"Administratzailea\" \/>\n\t<meta name=\"twitter:label2\" content=\"Tiempo de lectura\" \/>\n\t<meta name=\"twitter:data2\" content=\"2 minutos\" \/>\n<script type=\"application\/ld+json\" class=\"yoast-schema-graph\">{\"@context\":\"https:\\\/\\\/schema.org\",\"@graph\":[{\"@type\":\"Article\",\"@id\":\"https:\\\/\\\/armeriaeskola.eus\\\/es\\\/comienza-la-competicion-de-formacion-profesional-spainskills\\\/#article\",\"isPartOf\":{\"@id\":\"https:\\\/\\\/armeriaeskola.eus\\\/es\\\/comienza-la-competicion-de-formacion-profesional-spainskills\\\/\"},\"author\":{\"name\":\"Administratzailea\",\"@id\":\"https:\\\/\\\/armeriaeskola.eus\\\/#\\\/schema\\\/person\\\/556cc6ece953729a0ba6f78b66e54fc9\"},\"headline\":\"Ambiente \u00fanico y experiencia inolvidable en la competici\u00f3n de Formaci\u00f3n Profesional SpainSkills\",\"datePublished\":\"2022-03-23T11:08:23+00:00\",\"dateModified\":\"2022-03-26T21:43:11+00:00\",\"mainEntityOfPage\":{\"@id\":\"https:\\\/\\\/armeriaeskola.eus\\\/es\\\/comienza-la-competicion-de-formacion-profesional-spainskills\\\/\"},\"wordCount\":189,\"publisher\":{\"@id\":\"https:\\\/\\\/armeriaeskola.eus\\\/#organization\"},\"image\":{\"@id\":\"https:\\\/\\\/armeriaeskola.eus\\\/es\\\/comienza-la-competicion-de-formacion-profesional-spainskills\\\/#primaryimage\"},\"thumbnailUrl\":\"https:\\\/\\\/armeriaeskola.eus\\\/wp-content\\\/uploads\\\/Diseno-sin-titulo-12.jpg\",\"articleSection\":[\"Noticias\"],\"inLanguage\":\"es\"},{\"@type\":\"WebPage\",\"@id\":\"https:\\\/\\\/armeriaeskola.eus\\\/es\\\/comienza-la-competicion-de-formacion-profesional-spainskills\\\/\",\"url\":\"https:\\\/\\\/armeriaeskola.eus\\\/es\\\/comienza-la-competicion-de-formacion-profesional-spainskills\\\/\",\"name\":\"Ambiente \u00fanico y experiencia inolvidable en la competici\u00f3n de Formaci\u00f3n Profesional SpainSkills - Armeria Eskola\",\"isPartOf\":{\"@id\":\"https:\\\/\\\/armeriaeskola.eus\\\/#website\"},\"primaryImageOfPage\":{\"@id\":\"https:\\\/\\\/armeriaeskola.eus\\\/es\\\/comienza-la-competicion-de-formacion-profesional-spainskills\\\/#primaryimage\"},\"image\":{\"@id\":\"https:\\\/\\\/armeriaeskola.eus\\\/es\\\/comienza-la-competicion-de-formacion-profesional-spainskills\\\/#primaryimage\"},\"thumbnailUrl\":\"https:\\\/\\\/armeriaeskola.eus\\\/wp-content\\\/uploads\\\/Diseno-sin-titulo-12.jpg\",\"datePublished\":\"2022-03-23T11:08:23+00:00\",\"dateModified\":\"2022-03-26T21:43:11+00:00\",\"breadcrumb\":{\"@id\":\"https:\\\/\\\/armeriaeskola.eus\\\/es\\\/comienza-la-competicion-de-formacion-profesional-spainskills\\\/#breadcrumb\"},\"inLanguage\":\"es\",\"potentialAction\":[{\"@type\":\"ReadAction\",\"target\":[\"https:\\\/\\\/armeriaeskola.eus\\\/es\\\/comienza-la-competicion-de-formacion-profesional-spainskills\\\/\"]}]},{\"@type\":\"ImageObject\",\"inLanguage\":\"es\",\"@id\":\"https:\\\/\\\/armeriaeskola.eus\\\/es\\\/comienza-la-competicion-de-formacion-profesional-spainskills\\\/#primaryimage\",\"url\":\"https:\\\/\\\/armeriaeskola.eus\\\/wp-content\\\/uploads\\\/Diseno-sin-titulo-12.jpg\",\"contentUrl\":\"https:\\\/\\\/armeriaeskola.eus\\\/wp-content\\\/uploads\\\/Diseno-sin-titulo-12.jpg\",\"width\":1600,\"height\":900},{\"@type\":\"BreadcrumbList\",\"@id\":\"https:\\\/\\\/armeriaeskola.eus\\\/es\\\/comienza-la-competicion-de-formacion-profesional-spainskills\\\/#breadcrumb\",\"itemListElement\":[{\"@type\":\"ListItem\",\"position\":1,\"name\":\"Portada\",\"item\":\"https:\\\/\\\/armeriaeskola.eus\\\/es\\\/\"},{\"@type\":\"ListItem\",\"position\":2,\"name\":\"Ambiente \u00fanico y experiencia inolvidable en la competici\u00f3n de Formaci\u00f3n Profesional SpainSkills\"}]},{\"@type\":\"WebSite\",\"@id\":\"https:\\\/\\\/armeriaeskola.eus\\\/#website\",\"url\":\"https:\\\/\\\/armeriaeskola.eus\\\/\",\"name\":\"Armeria Eskola\",\"description\":\"Centro Integral P\u00fablico de Formaci\u00f3n Profesional\",\"publisher\":{\"@id\":\"https:\\\/\\\/armeriaeskola.eus\\\/#organization\"},\"potentialAction\":[{\"@type\":\"SearchAction\",\"target\":{\"@type\":\"EntryPoint\",\"urlTemplate\":\"https:\\\/\\\/armeriaeskola.eus\\\/?s={search_term_string}\"},\"query-input\":{\"@type\":\"PropertyValueSpecification\",\"valueRequired\":true,\"valueName\":\"search_term_string\"}}],\"inLanguage\":\"es\"},{\"@type\":\"Organization\",\"@id\":\"https:\\\/\\\/armeriaeskola.eus\\\/#organization\",\"name\":\"Armeria Eskola\",\"url\":\"https:\\\/\\\/armeriaeskola.eus\\\/\",\"logo\":{\"@type\":\"ImageObject\",\"inLanguage\":\"es\",\"@id\":\"https:\\\/\\\/armeriaeskola.eus\\\/#\\\/schema\\\/logo\\\/image\\\/\",\"url\":\"https:\\\/\\\/armeriaeskola.eus\\\/wp-content\\\/uploads\\\/armeria-eskola-youtube1.jpg\",\"contentUrl\":\"https:\\\/\\\/armeriaeskola.eus\\\/wp-content\\\/uploads\\\/armeria-eskola-youtube1.jpg\",\"width\":1000,\"height\":501,\"caption\":\"Armeria Eskola\"},\"image\":{\"@id\":\"https:\\\/\\\/armeriaeskola.eus\\\/#\\\/schema\\\/logo\\\/image\\\/\"},\"sameAs\":[\"https:\\\/\\\/www.facebook.com\\\/armeriaeskola\",\"https:\\\/\\\/x.com\\\/ArmeriaEskola\",\"https:\\\/\\\/www.instagram.com\\\/armeriaeskola\\\/\",\"https:\\\/\\\/www.linkedin.com\\\/company\\\/asociaciondearmeriaeskola\\\/\",\"https:\\\/\\\/www.youtube.com\\\/user\\\/100armeriaeskola\"]},{\"@type\":\"Person\",\"@id\":\"https:\\\/\\\/armeriaeskola.eus\\\/#\\\/schema\\\/person\\\/556cc6ece953729a0ba6f78b66e54fc9\",\"name\":\"Administratzailea\",\"image\":{\"@type\":\"ImageObject\",\"inLanguage\":\"es\",\"@id\":\"https:\\\/\\\/secure.gravatar.com\\\/avatar\\\/8b2e098c27974ed137406b913c3d1ad97e377132fd5a6545df4ff35523a1f3c9?s=96&d=mm&r=g\",\"url\":\"https:\\\/\\\/secure.gravatar.com\\\/avatar\\\/8b2e098c27974ed137406b913c3d1ad97e377132fd5a6545df4ff35523a1f3c9?s=96&d=mm&r=g\",\"contentUrl\":\"https:\\\/\\\/secure.gravatar.com\\\/avatar\\\/8b2e098c27974ed137406b913c3d1ad97e377132fd5a6545df4ff35523a1f3c9?s=96&d=mm&r=g\",\"caption\":\"Administratzailea\"}}]}<\/script>\n<!-- \/ Yoast SEO plugin. -->","yoast_head_json":{"title":"Ambiente \u00fanico y experiencia inolvidable en la competici\u00f3n de Formaci\u00f3n Profesional SpainSkills - Armeria Eskola","robots":{"index":"index","follow":"follow","max-snippet":"max-snippet:-1","max-image-preview":"max-image-preview:large","max-video-preview":"max-video-preview:-1"},"canonical":"https:\/\/armeriaeskola.eus\/es\/comienza-la-competicion-de-formacion-profesional-spainskills\/","og_locale":"es_ES","og_type":"article","og_title":"Ambiente \u00fanico y experiencia inolvidable en la competici\u00f3n de Formaci\u00f3n Profesional SpainSkills - Armeria Eskola","og_description":"En las SpainSkils, que finalizaron el s\u00e1bado, el equipo de Armeria Eskola estuvo muy competitivo. Tanto alumnos como profesores dieron lo mejor de s\u00ed mismos en las pruebas que duraron tres d\u00edas y aunque no consiguieron medalla, vivieron un ambiente &hellip;","og_url":"https:\/\/armeriaeskola.eus\/es\/comienza-la-competicion-de-formacion-profesional-spainskills\/","og_site_name":"Armeria Eskola","article_publisher":"https:\/\/www.facebook.com\/armeriaeskola","article_published_time":"2022-03-23T11:08:23+00:00","article_modified_time":"2022-03-26T21:43:11+00:00","og_image":[{"width":1600,"height":900,"url":"https:\/\/armeriaeskola.eus\/wp-content\/uploads\/Diseno-sin-titulo-12.jpg","type":"image\/jpeg"}],"author":"Administratzailea","twitter_card":"summary_large_image","twitter_creator":"@ArmeriaEskola","twitter_site":"@ArmeriaEskola","twitter_misc":{"Escrito por":"Administratzailea","Tiempo de lectura":"2 minutos"},"schema":{"@context":"https:\/\/schema.org","@graph":[{"@type":"Article","@id":"https:\/\/armeriaeskola.eus\/es\/comienza-la-competicion-de-formacion-profesional-spainskills\/#article","isPartOf":{"@id":"https:\/\/armeriaeskola.eus\/es\/comienza-la-competicion-de-formacion-profesional-spainskills\/"},"author":{"name":"Administratzailea","@id":"https:\/\/armeriaeskola.eus\/#\/schema\/person\/556cc6ece953729a0ba6f78b66e54fc9"},"headline":"Ambiente \u00fanico y experiencia inolvidable en la competici\u00f3n de Formaci\u00f3n Profesional SpainSkills","datePublished":"2022-03-23T11:08:23+00:00","dateModified":"2022-03-26T21:43:11+00:00","mainEntityOfPage":{"@id":"https:\/\/armeriaeskola.eus\/es\/comienza-la-competicion-de-formacion-profesional-spainskills\/"},"wordCount":189,"publisher":{"@id":"https:\/\/armeriaeskola.eus\/#organization"},"image":{"@id":"https:\/\/armeriaeskola.eus\/es\/comienza-la-competicion-de-formacion-profesional-spainskills\/#primaryimage"},"thumbnailUrl":"https:\/\/armeriaeskola.eus\/wp-content\/uploads\/Diseno-sin-titulo-12.jpg","articleSection":["Noticias"],"inLanguage":"es"},{"@type":"WebPage","@id":"https:\/\/armeriaeskola.eus\/es\/comienza-la-competicion-de-formacion-profesional-spainskills\/","url":"https:\/\/armeriaeskola.eus\/es\/comienza-la-competicion-de-formacion-profesional-spainskills\/","name":"Ambiente \u00fanico y experiencia inolvidable en la competici\u00f3n de Formaci\u00f3n Profesional SpainSkills - Armeria Eskola","isPartOf":{"@id":"https:\/\/armeriaeskola.eus\/#website"},"primaryImageOfPage":{"@id":"https:\/\/armeriaeskola.eus\/es\/comienza-la-competicion-de-formacion-profesional-spainskills\/#primaryimage"},"image":{"@id":"https:\/\/armeriaeskola.eus\/es\/comienza-la-competicion-de-formacion-profesional-spainskills\/#primaryimage"},"thumbnailUrl":"https:\/\/armeriaeskola.eus\/wp-content\/uploads\/Diseno-sin-titulo-12.jpg","datePublished":"2022-03-23T11:08:23+00:00","dateModified":"2022-03-26T21:43:11+00:00","breadcrumb":{"@id":"https:\/\/armeriaeskola.eus\/es\/comienza-la-competicion-de-formacion-profesional-spainskills\/#breadcrumb"},"inLanguage":"es","potentialAction":[{"@type":"ReadAction","target":["https:\/\/armeriaeskola.eus\/es\/comienza-la-competicion-de-formacion-profesional-spainskills\/"]}]},{"@type":"ImageObject","inLanguage":"es","@id":"https:\/\/armeriaeskola.eus\/es\/comienza-la-competicion-de-formacion-profesional-spainskills\/#primaryimage","url":"https:\/\/armeriaeskola.eus\/wp-content\/uploads\/Diseno-sin-titulo-12.jpg","contentUrl":"https:\/\/armeriaeskola.eus\/wp-content\/uploads\/Diseno-sin-titulo-12.jpg","width":1600,"height":900},{"@type":"BreadcrumbList","@id":"https:\/\/armeriaeskola.eus\/es\/comienza-la-competicion-de-formacion-profesional-spainskills\/#breadcrumb","itemListElement":[{"@type":"ListItem","position":1,"name":"Portada","item":"https:\/\/armeriaeskola.eus\/es\/"},{"@type":"ListItem","position":2,"name":"Ambiente \u00fanico y experiencia inolvidable en la competici\u00f3n de Formaci\u00f3n Profesional SpainSkills"}]},{"@type":"WebSite","@id":"https:\/\/armeriaeskola.eus\/#website","url":"https:\/\/armeriaeskola.eus\/","name":"Armeria Eskola","description":"Centro Integral P\u00fablico de Formaci\u00f3n Profesional","publisher":{"@id":"https:\/\/armeriaeskola.eus\/#organization"},"potentialAction":[{"@type":"SearchAction","target":{"@type":"EntryPoint","urlTemplate":"https:\/\/armeriaeskola.eus\/?s={search_term_string}"},"query-input":{"@type":"PropertyValueSpecification","valueRequired":true,"valueName":"search_term_string"}}],"inLanguage":"es"},{"@type":"Organization","@id":"https:\/\/armeriaeskola.eus\/#organization","name":"Armeria Eskola","url":"https:\/\/armeriaeskola.eus\/","logo":{"@type":"ImageObject","inLanguage":"es","@id":"https:\/\/armeriaeskola.eus\/#\/schema\/logo\/image\/","url":"https:\/\/armeriaeskola.eus\/wp-content\/uploads\/armeria-eskola-youtube1.jpg","contentUrl":"https:\/\/armeriaeskola.eus\/wp-content\/uploads\/armeria-eskola-youtube1.jpg","width":1000,"height":501,"caption":"Armeria Eskola"},"image":{"@id":"https:\/\/armeriaeskola.eus\/#\/schema\/logo\/image\/"},"sameAs":["https:\/\/www.facebook.com\/armeriaeskola","https:\/\/x.com\/ArmeriaEskola","https:\/\/www.instagram.com\/armeriaeskola\/","https:\/\/www.linkedin.com\/company\/asociaciondearmeriaeskola\/","https:\/\/www.youtube.com\/user\/100armeriaeskola"]},{"@type":"Person","@id":"https:\/\/armeriaeskola.eus\/#\/schema\/person\/556cc6ece953729a0ba6f78b66e54fc9","name":"Administratzailea","image":{"@type":"ImageObject","inLanguage":"es","@id":"https:\/\/secure.gravatar.com\/avatar\/8b2e098c27974ed137406b913c3d1ad97e377132fd5a6545df4ff35523a1f3c9?s=96&d=mm&r=g","url":"https:\/\/secure.gravatar.com\/avatar\/8b2e098c27974ed137406b913c3d1ad97e377132fd5a6545df4ff35523a1f3c9?s=96&d=mm&r=g","contentUrl":"https:\/\/secure.gravatar.com\/avatar\/8b2e098c27974ed137406b913c3d1ad97e377132fd5a6545df4ff35523a1f3c9?s=96&d=mm&r=g","caption":"Administratzailea"}}]}},"_links":{"self":[{"href":"https:\/\/armeriaeskola.eus\/es\/wp-json\/wp\/v2\/posts\/18993","targetHints":{"allow":["GET"]}}],"collection":[{"href":"https:\/\/armeriaeskola.eus\/es\/wp-json\/wp\/v2\/posts"}],"about":[{"href":"https:\/\/armeriaeskola.eus\/es\/wp-json\/wp\/v2\/types\/post"}],"author":[{"embeddable":true,"href":"https:\/\/armeriaeskola.eus\/es\/wp-json\/wp\/v2\/users\/6"}],"replies":[{"embeddable":true,"href":"https:\/\/armeriaeskola.eus\/es\/wp-json\/wp\/v2\/comments?post=18993"}],"version-history":[{"count":4,"href":"https:\/\/armeriaeskola.eus\/es\/wp-json\/wp\/v2\/posts\/18993\/revisions"}],"predecessor-version":[{"id":19045,"href":"https:\/\/armeriaeskola.eus\/es\/wp-json\/wp\/v2\/posts\/18993\/revisions\/19045"}],"wp:featuredmedia":[{"embeddable":true,"href":"https:\/\/armeriaeskola.eus\/es\/wp-json\/wp\/v2\/media\/19040"}],"wp:attachment":[{"href":"https:\/\/armeriaeskola.eus\/es\/wp-json\/wp\/v2\/media?parent=18993"}],"wp:term":[{"taxonomy":"category","embeddable":true,"href":"https:\/\/armeriaeskola.eus\/es\/wp-json\/wp\/v2\/categories?post=18993"},{"taxonomy":"post_tag","embeddable":true,"href":"https:\/\/armeriaeskola.eus\/es\/wp-json\/wp\/v2\/tags?post=18993"}],"curies":[{"name":"wp","href":"https:\/\/api.w.org\/{rel}","templated":true}]}}