{"id":16897,"date":"2021-04-23T13:30:55","date_gmt":"2021-04-23T11:30:55","guid":{"rendered":"https:\/\/armeriaeskola.eus\/?p=16897"},"modified":"2021-04-26T13:30:36","modified_gmt":"2021-04-26T11:30:36","slug":"amplia-oferta-de-cursos-en-el-catalogo-de-abril-y-mayo","status":"publish","type":"post","link":"https:\/\/armeriaeskola.eus\/es\/amplia-oferta-de-cursos-en-el-catalogo-de-abril-y-mayo\/","title":{"rendered":"Amplia oferta de cursos en el cat\u00e1logo de abril y mayo"},"content":{"rendered":"<p>Ten\u00e9is ya disponible el\u00a0<a href=\"https:\/\/armeriaeskola.eus\/wp-content\/uploads\/0001-scaled.jpg\">nuevo cat\u00e1logo de cursos\u00a0<\/a>para trabajadores\/as\u00a0 de Armeria Eskola.<\/p>\n<p>Las plazas son limitadas, por lo que, \u00a1Reserva tu plaza cuanto antes!<\/p>\n<p>El cat\u00e1logo de formaci\u00f3n se encuentra en esta p\u00e1gina web en el apartado Formaci\u00f3n para el empleo, y para acceder directamente al formulario de inscripci\u00f3n pod\u00e9is\u00a0<a href=\"https:\/\/ikastaroak.armeriaeskola.com\/\">pinchar aqu\u00ed.<\/a><\/p>\n<p>Para m\u00e1s informaci\u00f3n:<\/p>\n<p>ikastaroak@armeriaeskola.eus<br \/>\ntel: 943 20 32 44<\/p>\n<p>Cat\u00e1logo de cursos completo:<\/p>\n<p><img loading=\"lazy\" decoding=\"async\" class=\"alignnone size-full wp-image-16895\" src=\"https:\/\/armeriaeskola.eus\/wp-content\/uploads\/apir-mai-ARMERIA_email.png\" alt=\"\" width=\"6954\" height=\"3925\" srcset=\"https:\/\/armeriaeskola.eus\/wp-content\/uploads\/apir-mai-ARMERIA_email.png 6954w, https:\/\/armeriaeskola.eus\/wp-content\/uploads\/apir-mai-ARMERIA_email-300x169.png 300w, https:\/\/armeriaeskola.eus\/wp-content\/uploads\/apir-mai-ARMERIA_email-1024x578.png 1024w, https:\/\/armeriaeskola.eus\/wp-content\/uploads\/apir-mai-ARMERIA_email-768x433.png 768w, https:\/\/armeriaeskola.eus\/wp-content\/uploads\/apir-mai-ARMERIA_email-1536x867.png 1536w, https:\/\/armeriaeskola.eus\/wp-content\/uploads\/apir-mai-ARMERIA_email-2048x1156.png 2048w\" sizes=\"auto, (max-width: 6954px) 100vw, 6954px\" \/><\/p>\n","protected":false},"excerpt":{"rendered":"<p>Ten\u00e9is ya disponible el\u00a0nuevo cat\u00e1logo de cursos\u00a0para trabajadores\/as\u00a0 de Armeria Eskola. Las plazas son limitadas, por lo que, \u00a1Reserva tu plaza cuanto antes! El cat\u00e1logo de formaci\u00f3n se encuentra en esta p\u00e1gina web en el apartado Formaci\u00f3n para el empleo, &hellip; <\/p>\n","protected":false},"author":6,"featured_media":16901,"comment_status":"closed","ping_status":"closed","sticky":false,"template":"","format":"standard","meta":{"_acf_changed":false,"rs_blank_template":"","rs_page_bg_color":"","slide_template_v7":"","footnotes":""},"categories":[1],"tags":[],"class_list":["post-16897","post","type-post","status-publish","format-standard","has-post-thumbnail","hentry","category-noticias-categoria"],"acf":[],"yoast_head":"<!-- This site is optimized with the Yoast SEO plugin v27.4 - https:\/\/yoast.com\/product\/yoast-seo-wordpress\/ -->\n<title>Amplia oferta de cursos en el cat\u00e1logo de abril y mayo - Armeria Eskola<\/title>\n<meta name=\"robots\" content=\"index, follow, max-snippet:-1, max-image-preview:large, max-video-preview:-1\" \/>\n<link rel=\"canonical\" href=\"https:\/\/armeriaeskola.eus\/es\/amplia-oferta-de-cursos-en-el-catalogo-de-abril-y-mayo\/\" \/>\n<meta property=\"og:locale\" content=\"es_ES\" \/>\n<meta property=\"og:type\" content=\"article\" \/>\n<meta property=\"og:title\" content=\"Amplia oferta de cursos en el cat\u00e1logo de abril y mayo - Armeria Eskola\" \/>\n<meta property=\"og:description\" content=\"Ten\u00e9is ya disponible el\u00a0nuevo cat\u00e1logo de cursos\u00a0para trabajadores\/as\u00a0 de Armeria Eskola. Las plazas son limitadas, por lo que, \u00a1Reserva tu plaza cuanto antes! El cat\u00e1logo de formaci\u00f3n se encuentra en esta p\u00e1gina web en el apartado Formaci\u00f3n para el empleo, &hellip;\" \/>\n<meta property=\"og:url\" content=\"https:\/\/armeriaeskola.eus\/es\/amplia-oferta-de-cursos-en-el-catalogo-de-abril-y-mayo\/\" \/>\n<meta property=\"og:site_name\" content=\"Armeria Eskola\" \/>\n<meta property=\"article:publisher\" content=\"https:\/\/www.facebook.com\/armeriaeskola\" \/>\n<meta property=\"article:published_time\" content=\"2021-04-23T11:30:55+00:00\" \/>\n<meta property=\"article:modified_time\" content=\"2021-04-26T11:30:36+00:00\" \/>\n<meta property=\"og:image\" content=\"https:\/\/armeriaeskola.eus\/wp-content\/uploads\/Langileentzako-ikastaroak-1.jpg\" \/>\n\t<meta property=\"og:image:width\" content=\"1600\" \/>\n\t<meta property=\"og:image:height\" content=\"900\" \/>\n\t<meta property=\"og:image:type\" content=\"image\/jpeg\" \/>\n<meta name=\"author\" content=\"Administratzailea\" \/>\n<meta name=\"twitter:card\" content=\"summary_large_image\" \/>\n<meta name=\"twitter:creator\" content=\"@ArmeriaEskola\" \/>\n<meta name=\"twitter:site\" content=\"@ArmeriaEskola\" \/>\n<meta name=\"twitter:label1\" content=\"Escrito por\" \/>\n\t<meta name=\"twitter:data1\" content=\"Administratzailea\" \/>\n\t<meta name=\"twitter:label2\" content=\"Tiempo de lectura\" \/>\n\t<meta name=\"twitter:data2\" content=\"1 minuto\" \/>\n<script type=\"application\/ld+json\" class=\"yoast-schema-graph\">{\"@context\":\"https:\\\/\\\/schema.org\",\"@graph\":[{\"@type\":\"Article\",\"@id\":\"https:\\\/\\\/armeriaeskola.eus\\\/es\\\/amplia-oferta-de-cursos-en-el-catalogo-de-abril-y-mayo\\\/#article\",\"isPartOf\":{\"@id\":\"https:\\\/\\\/armeriaeskola.eus\\\/es\\\/amplia-oferta-de-cursos-en-el-catalogo-de-abril-y-mayo\\\/\"},\"author\":{\"name\":\"Administratzailea\",\"@id\":\"https:\\\/\\\/armeriaeskola.eus\\\/#\\\/schema\\\/person\\\/556cc6ece953729a0ba6f78b66e54fc9\"},\"headline\":\"Amplia oferta de cursos en el cat\u00e1logo de abril y mayo\",\"datePublished\":\"2021-04-23T11:30:55+00:00\",\"dateModified\":\"2021-04-26T11:30:36+00:00\",\"mainEntityOfPage\":{\"@id\":\"https:\\\/\\\/armeriaeskola.eus\\\/es\\\/amplia-oferta-de-cursos-en-el-catalogo-de-abril-y-mayo\\\/\"},\"wordCount\":88,\"publisher\":{\"@id\":\"https:\\\/\\\/armeriaeskola.eus\\\/#organization\"},\"image\":{\"@id\":\"https:\\\/\\\/armeriaeskola.eus\\\/es\\\/amplia-oferta-de-cursos-en-el-catalogo-de-abril-y-mayo\\\/#primaryimage\"},\"thumbnailUrl\":\"https:\\\/\\\/armeriaeskola.eus\\\/wp-content\\\/uploads\\\/Langileentzako-ikastaroak-1.jpg\",\"articleSection\":[\"Noticias\"],\"inLanguage\":\"es\"},{\"@type\":\"WebPage\",\"@id\":\"https:\\\/\\\/armeriaeskola.eus\\\/es\\\/amplia-oferta-de-cursos-en-el-catalogo-de-abril-y-mayo\\\/\",\"url\":\"https:\\\/\\\/armeriaeskola.eus\\\/es\\\/amplia-oferta-de-cursos-en-el-catalogo-de-abril-y-mayo\\\/\",\"name\":\"Amplia oferta de cursos en el cat\u00e1logo de abril y mayo - Armeria Eskola\",\"isPartOf\":{\"@id\":\"https:\\\/\\\/armeriaeskola.eus\\\/#website\"},\"primaryImageOfPage\":{\"@id\":\"https:\\\/\\\/armeriaeskola.eus\\\/es\\\/amplia-oferta-de-cursos-en-el-catalogo-de-abril-y-mayo\\\/#primaryimage\"},\"image\":{\"@id\":\"https:\\\/\\\/armeriaeskola.eus\\\/es\\\/amplia-oferta-de-cursos-en-el-catalogo-de-abril-y-mayo\\\/#primaryimage\"},\"thumbnailUrl\":\"https:\\\/\\\/armeriaeskola.eus\\\/wp-content\\\/uploads\\\/Langileentzako-ikastaroak-1.jpg\",\"datePublished\":\"2021-04-23T11:30:55+00:00\",\"dateModified\":\"2021-04-26T11:30:36+00:00\",\"breadcrumb\":{\"@id\":\"https:\\\/\\\/armeriaeskola.eus\\\/es\\\/amplia-oferta-de-cursos-en-el-catalogo-de-abril-y-mayo\\\/#breadcrumb\"},\"inLanguage\":\"es\",\"potentialAction\":[{\"@type\":\"ReadAction\",\"target\":[\"https:\\\/\\\/armeriaeskola.eus\\\/es\\\/amplia-oferta-de-cursos-en-el-catalogo-de-abril-y-mayo\\\/\"]}]},{\"@type\":\"ImageObject\",\"inLanguage\":\"es\",\"@id\":\"https:\\\/\\\/armeriaeskola.eus\\\/es\\\/amplia-oferta-de-cursos-en-el-catalogo-de-abril-y-mayo\\\/#primaryimage\",\"url\":\"https:\\\/\\\/armeriaeskola.eus\\\/wp-content\\\/uploads\\\/Langileentzako-ikastaroak-1.jpg\",\"contentUrl\":\"https:\\\/\\\/armeriaeskola.eus\\\/wp-content\\\/uploads\\\/Langileentzako-ikastaroak-1.jpg\",\"width\":1600,\"height\":900},{\"@type\":\"BreadcrumbList\",\"@id\":\"https:\\\/\\\/armeriaeskola.eus\\\/es\\\/amplia-oferta-de-cursos-en-el-catalogo-de-abril-y-mayo\\\/#breadcrumb\",\"itemListElement\":[{\"@type\":\"ListItem\",\"position\":1,\"name\":\"Portada\",\"item\":\"https:\\\/\\\/armeriaeskola.eus\\\/es\\\/\"},{\"@type\":\"ListItem\",\"position\":2,\"name\":\"Amplia oferta de cursos en el cat\u00e1logo de abril y mayo\"}]},{\"@type\":\"WebSite\",\"@id\":\"https:\\\/\\\/armeriaeskola.eus\\\/#website\",\"url\":\"https:\\\/\\\/armeriaeskola.eus\\\/\",\"name\":\"Armeria Eskola\",\"description\":\"Centro Integral P\u00fablico de Formaci\u00f3n Profesional\",\"publisher\":{\"@id\":\"https:\\\/\\\/armeriaeskola.eus\\\/#organization\"},\"potentialAction\":[{\"@type\":\"SearchAction\",\"target\":{\"@type\":\"EntryPoint\",\"urlTemplate\":\"https:\\\/\\\/armeriaeskola.eus\\\/?s={search_term_string}\"},\"query-input\":{\"@type\":\"PropertyValueSpecification\",\"valueRequired\":true,\"valueName\":\"search_term_string\"}}],\"inLanguage\":\"es\"},{\"@type\":\"Organization\",\"@id\":\"https:\\\/\\\/armeriaeskola.eus\\\/#organization\",\"name\":\"Armeria Eskola\",\"url\":\"https:\\\/\\\/armeriaeskola.eus\\\/\",\"logo\":{\"@type\":\"ImageObject\",\"inLanguage\":\"es\",\"@id\":\"https:\\\/\\\/armeriaeskola.eus\\\/#\\\/schema\\\/logo\\\/image\\\/\",\"url\":\"https:\\\/\\\/armeriaeskola.eus\\\/wp-content\\\/uploads\\\/armeria-eskola-youtube1.jpg\",\"contentUrl\":\"https:\\\/\\\/armeriaeskola.eus\\\/wp-content\\\/uploads\\\/armeria-eskola-youtube1.jpg\",\"width\":1000,\"height\":501,\"caption\":\"Armeria Eskola\"},\"image\":{\"@id\":\"https:\\\/\\\/armeriaeskola.eus\\\/#\\\/schema\\\/logo\\\/image\\\/\"},\"sameAs\":[\"https:\\\/\\\/www.facebook.com\\\/armeriaeskola\",\"https:\\\/\\\/x.com\\\/ArmeriaEskola\",\"https:\\\/\\\/www.instagram.com\\\/armeriaeskola\\\/\",\"https:\\\/\\\/www.linkedin.com\\\/company\\\/asociaciondearmeriaeskola\\\/\",\"https:\\\/\\\/www.youtube.com\\\/user\\\/100armeriaeskola\"]},{\"@type\":\"Person\",\"@id\":\"https:\\\/\\\/armeriaeskola.eus\\\/#\\\/schema\\\/person\\\/556cc6ece953729a0ba6f78b66e54fc9\",\"name\":\"Administratzailea\",\"image\":{\"@type\":\"ImageObject\",\"inLanguage\":\"es\",\"@id\":\"https:\\\/\\\/secure.gravatar.com\\\/avatar\\\/8b2e098c27974ed137406b913c3d1ad97e377132fd5a6545df4ff35523a1f3c9?s=96&d=mm&r=g\",\"url\":\"https:\\\/\\\/secure.gravatar.com\\\/avatar\\\/8b2e098c27974ed137406b913c3d1ad97e377132fd5a6545df4ff35523a1f3c9?s=96&d=mm&r=g\",\"contentUrl\":\"https:\\\/\\\/secure.gravatar.com\\\/avatar\\\/8b2e098c27974ed137406b913c3d1ad97e377132fd5a6545df4ff35523a1f3c9?s=96&d=mm&r=g\",\"caption\":\"Administratzailea\"}}]}<\/script>\n<!-- \/ Yoast SEO plugin. -->","yoast_head_json":{"title":"Amplia oferta de cursos en el cat\u00e1logo de abril y mayo - Armeria Eskola","robots":{"index":"index","follow":"follow","max-snippet":"max-snippet:-1","max-image-preview":"max-image-preview:large","max-video-preview":"max-video-preview:-1"},"canonical":"https:\/\/armeriaeskola.eus\/es\/amplia-oferta-de-cursos-en-el-catalogo-de-abril-y-mayo\/","og_locale":"es_ES","og_type":"article","og_title":"Amplia oferta de cursos en el cat\u00e1logo de abril y mayo - Armeria Eskola","og_description":"Ten\u00e9is ya disponible el\u00a0nuevo cat\u00e1logo de cursos\u00a0para trabajadores\/as\u00a0 de Armeria Eskola. Las plazas son limitadas, por lo que, \u00a1Reserva tu plaza cuanto antes! El cat\u00e1logo de formaci\u00f3n se encuentra en esta p\u00e1gina web en el apartado Formaci\u00f3n para el empleo, &hellip;","og_url":"https:\/\/armeriaeskola.eus\/es\/amplia-oferta-de-cursos-en-el-catalogo-de-abril-y-mayo\/","og_site_name":"Armeria Eskola","article_publisher":"https:\/\/www.facebook.com\/armeriaeskola","article_published_time":"2021-04-23T11:30:55+00:00","article_modified_time":"2021-04-26T11:30:36+00:00","og_image":[{"width":1600,"height":900,"url":"https:\/\/armeriaeskola.eus\/wp-content\/uploads\/Langileentzako-ikastaroak-1.jpg","type":"image\/jpeg"}],"author":"Administratzailea","twitter_card":"summary_large_image","twitter_creator":"@ArmeriaEskola","twitter_site":"@ArmeriaEskola","twitter_misc":{"Escrito por":"Administratzailea","Tiempo de lectura":"1 minuto"},"schema":{"@context":"https:\/\/schema.org","@graph":[{"@type":"Article","@id":"https:\/\/armeriaeskola.eus\/es\/amplia-oferta-de-cursos-en-el-catalogo-de-abril-y-mayo\/#article","isPartOf":{"@id":"https:\/\/armeriaeskola.eus\/es\/amplia-oferta-de-cursos-en-el-catalogo-de-abril-y-mayo\/"},"author":{"name":"Administratzailea","@id":"https:\/\/armeriaeskola.eus\/#\/schema\/person\/556cc6ece953729a0ba6f78b66e54fc9"},"headline":"Amplia oferta de cursos en el cat\u00e1logo de abril y mayo","datePublished":"2021-04-23T11:30:55+00:00","dateModified":"2021-04-26T11:30:36+00:00","mainEntityOfPage":{"@id":"https:\/\/armeriaeskola.eus\/es\/amplia-oferta-de-cursos-en-el-catalogo-de-abril-y-mayo\/"},"wordCount":88,"publisher":{"@id":"https:\/\/armeriaeskola.eus\/#organization"},"image":{"@id":"https:\/\/armeriaeskola.eus\/es\/amplia-oferta-de-cursos-en-el-catalogo-de-abril-y-mayo\/#primaryimage"},"thumbnailUrl":"https:\/\/armeriaeskola.eus\/wp-content\/uploads\/Langileentzako-ikastaroak-1.jpg","articleSection":["Noticias"],"inLanguage":"es"},{"@type":"WebPage","@id":"https:\/\/armeriaeskola.eus\/es\/amplia-oferta-de-cursos-en-el-catalogo-de-abril-y-mayo\/","url":"https:\/\/armeriaeskola.eus\/es\/amplia-oferta-de-cursos-en-el-catalogo-de-abril-y-mayo\/","name":"Amplia oferta de cursos en el cat\u00e1logo de abril y mayo - Armeria Eskola","isPartOf":{"@id":"https:\/\/armeriaeskola.eus\/#website"},"primaryImageOfPage":{"@id":"https:\/\/armeriaeskola.eus\/es\/amplia-oferta-de-cursos-en-el-catalogo-de-abril-y-mayo\/#primaryimage"},"image":{"@id":"https:\/\/armeriaeskola.eus\/es\/amplia-oferta-de-cursos-en-el-catalogo-de-abril-y-mayo\/#primaryimage"},"thumbnailUrl":"https:\/\/armeriaeskola.eus\/wp-content\/uploads\/Langileentzako-ikastaroak-1.jpg","datePublished":"2021-04-23T11:30:55+00:00","dateModified":"2021-04-26T11:30:36+00:00","breadcrumb":{"@id":"https:\/\/armeriaeskola.eus\/es\/amplia-oferta-de-cursos-en-el-catalogo-de-abril-y-mayo\/#breadcrumb"},"inLanguage":"es","potentialAction":[{"@type":"ReadAction","target":["https:\/\/armeriaeskola.eus\/es\/amplia-oferta-de-cursos-en-el-catalogo-de-abril-y-mayo\/"]}]},{"@type":"ImageObject","inLanguage":"es","@id":"https:\/\/armeriaeskola.eus\/es\/amplia-oferta-de-cursos-en-el-catalogo-de-abril-y-mayo\/#primaryimage","url":"https:\/\/armeriaeskola.eus\/wp-content\/uploads\/Langileentzako-ikastaroak-1.jpg","contentUrl":"https:\/\/armeriaeskola.eus\/wp-content\/uploads\/Langileentzako-ikastaroak-1.jpg","width":1600,"height":900},{"@type":"BreadcrumbList","@id":"https:\/\/armeriaeskola.eus\/es\/amplia-oferta-de-cursos-en-el-catalogo-de-abril-y-mayo\/#breadcrumb","itemListElement":[{"@type":"ListItem","position":1,"name":"Portada","item":"https:\/\/armeriaeskola.eus\/es\/"},{"@type":"ListItem","position":2,"name":"Amplia oferta de cursos en el cat\u00e1logo de abril y mayo"}]},{"@type":"WebSite","@id":"https:\/\/armeriaeskola.eus\/#website","url":"https:\/\/armeriaeskola.eus\/","name":"Armeria Eskola","description":"Centro Integral P\u00fablico de Formaci\u00f3n Profesional","publisher":{"@id":"https:\/\/armeriaeskola.eus\/#organization"},"potentialAction":[{"@type":"SearchAction","target":{"@type":"EntryPoint","urlTemplate":"https:\/\/armeriaeskola.eus\/?s={search_term_string}"},"query-input":{"@type":"PropertyValueSpecification","valueRequired":true,"valueName":"search_term_string"}}],"inLanguage":"es"},{"@type":"Organization","@id":"https:\/\/armeriaeskola.eus\/#organization","name":"Armeria Eskola","url":"https:\/\/armeriaeskola.eus\/","logo":{"@type":"ImageObject","inLanguage":"es","@id":"https:\/\/armeriaeskola.eus\/#\/schema\/logo\/image\/","url":"https:\/\/armeriaeskola.eus\/wp-content\/uploads\/armeria-eskola-youtube1.jpg","contentUrl":"https:\/\/armeriaeskola.eus\/wp-content\/uploads\/armeria-eskola-youtube1.jpg","width":1000,"height":501,"caption":"Armeria Eskola"},"image":{"@id":"https:\/\/armeriaeskola.eus\/#\/schema\/logo\/image\/"},"sameAs":["https:\/\/www.facebook.com\/armeriaeskola","https:\/\/x.com\/ArmeriaEskola","https:\/\/www.instagram.com\/armeriaeskola\/","https:\/\/www.linkedin.com\/company\/asociaciondearmeriaeskola\/","https:\/\/www.youtube.com\/user\/100armeriaeskola"]},{"@type":"Person","@id":"https:\/\/armeriaeskola.eus\/#\/schema\/person\/556cc6ece953729a0ba6f78b66e54fc9","name":"Administratzailea","image":{"@type":"ImageObject","inLanguage":"es","@id":"https:\/\/secure.gravatar.com\/avatar\/8b2e098c27974ed137406b913c3d1ad97e377132fd5a6545df4ff35523a1f3c9?s=96&d=mm&r=g","url":"https:\/\/secure.gravatar.com\/avatar\/8b2e098c27974ed137406b913c3d1ad97e377132fd5a6545df4ff35523a1f3c9?s=96&d=mm&r=g","contentUrl":"https:\/\/secure.gravatar.com\/avatar\/8b2e098c27974ed137406b913c3d1ad97e377132fd5a6545df4ff35523a1f3c9?s=96&d=mm&r=g","caption":"Administratzailea"}}]}},"_links":{"self":[{"href":"https:\/\/armeriaeskola.eus\/es\/wp-json\/wp\/v2\/posts\/16897","targetHints":{"allow":["GET"]}}],"collection":[{"href":"https:\/\/armeriaeskola.eus\/es\/wp-json\/wp\/v2\/posts"}],"about":[{"href":"https:\/\/armeriaeskola.eus\/es\/wp-json\/wp\/v2\/types\/post"}],"author":[{"embeddable":true,"href":"https:\/\/armeriaeskola.eus\/es\/wp-json\/wp\/v2\/users\/6"}],"replies":[{"embeddable":true,"href":"https:\/\/armeriaeskola.eus\/es\/wp-json\/wp\/v2\/comments?post=16897"}],"version-history":[{"count":1,"href":"https:\/\/armeriaeskola.eus\/es\/wp-json\/wp\/v2\/posts\/16897\/revisions"}],"predecessor-version":[{"id":16898,"href":"https:\/\/armeriaeskola.eus\/es\/wp-json\/wp\/v2\/posts\/16897\/revisions\/16898"}],"wp:featuredmedia":[{"embeddable":true,"href":"https:\/\/armeriaeskola.eus\/es\/wp-json\/wp\/v2\/media\/16901"}],"wp:attachment":[{"href":"https:\/\/armeriaeskola.eus\/es\/wp-json\/wp\/v2\/media?parent=16897"}],"wp:term":[{"taxonomy":"category","embeddable":true,"href":"https:\/\/armeriaeskola.eus\/es\/wp-json\/wp\/v2\/categories?post=16897"},{"taxonomy":"post_tag","embeddable":true,"href":"https:\/\/armeriaeskola.eus\/es\/wp-json\/wp\/v2\/tags?post=16897"}],"curies":[{"name":"wp","href":"https:\/\/api.w.org\/{rel}","templated":true}]}}