{"id":14093,"date":"2020-05-22T09:29:31","date_gmt":"2020-05-22T07:29:31","guid":{"rendered":"https:\/\/armeriaeskola.eus\/?p=14093"},"modified":"2020-05-22T11:05:26","modified_gmt":"2020-05-22T09:05:26","slug":"armeria-eskola-y-su-asociacion-se-adaptan-a-la-nueva-realidad","status":"publish","type":"post","link":"https:\/\/armeriaeskola.eus\/es\/armeria-eskola-y-su-asociacion-se-adaptan-a-la-nueva-realidad\/","title":{"rendered":"Armeria Eskola y su Asociaci\u00f3n se adaptan a la nueva realidad."},"content":{"rendered":"<p>Como otros tantos organismos, empresas, comercios, etc., Armeria Eskola tambi\u00e9n ha tenido que adaptarse a la nueva realidad ocasionada por el COVID-19.<\/p>\n<p>El pasado 14 de marzo, ante el estado de alarma decretado por el Gobierno y teniendo en cuenta tanto las recomendaciones sanitarias como las del Departamento de Educaci\u00f3n, iniciamos una nueva manera de trabajar a trav\u00e9s del teletrabajo, lo que nos ha requerido ser flexibles para adaptarnos a esta nueva situaci\u00f3n. A su vez, hemos tenido que establecer nuevos protocolos de seguridad, para garantizar que aquellos trabajadores que tuvieran que estar presencialmente en el centro, pudieran hacerlo sin ning\u00fan riesgo.<\/p>\n<p>Ante esta situaci\u00f3n, Armeria Eskola apost\u00f3 por participar en las distintas iniciativas que se estaban llevando a cabo para garantizar la seguridad en el \u00e1mbito sanitario. Decidimos aportar nuestro granito de arena a la sociedad produciendo y distribuyendo m\u00e1scaras de protecci\u00f3n. Lo que en un principio parec\u00eda una iniciativa con un corto recorrido, se ha convertido en una necesidad importante en todos los \u00e1mbitos y las solicitudes no cesan. As\u00ed, nos est\u00e1n llegando solicitudes tanto desde las entidades p\u00fablicas como privadas, de forma que llevamos producidas y distribuidas, de forma altruista, m\u00e1s de 2500 m\u00e1scaras gracias al trabajo y dedicaci\u00f3n de un grupo de 7 profesores. Estas m\u00e1scaras han llegado a sitios tan diversos como hospitales, residencias de ancianos, comerciantes, hosteleros, personal de atenci\u00f3n domiciliaria, pymes, centros formativos, etc.<\/p>\n<p>Adem\u00e1s, durante este periodo hemos acelerado las labores de dise\u00f1o de la nueva p\u00e1gina web, de modo que ya la tenemos disponible en<strong> <a href=\"http:\/\/www.armeriaeskola.eus\">www.armeriaeskola.eus<\/a> <\/strong>desde el pasado 13 de Mayo. Os animamos a visitarla.<\/p>\n<p>Todos sabemos que nos enfrentamos a una nueva realidad, en la que la forma de relacionarnos va a cambiar por completo. Seguimos con la actividad telem\u00e1tica y la vuelta a las clases presenciales est\u00e1 prevista para el 25 de Mayo de forma puntual para actividades pr\u00e1cticas. Parece que esta nueva realidad semipresencial ha venido para quedarse y, por lo tanto, Armeria Eskola adem\u00e1s de poner todas las medidas de seguridad en marcha para toda la actividad presencial, est\u00e1 trabajando para adecuarse a esta nueva realidad.<\/p>\n<p>Ha llegado el momento de planificar y organizar el pr\u00f3ximo curso; as\u00ed, del 1 al 19 de Junio tendremos en marcha el plazo de prematr\u00edcula para el nuevo alumnado. Adem\u00e1s de la sesi\u00f3n de puertas abiertas virtual realizada el 19 de Mayo y disponible en la p\u00e1gina web, es posible conocernos m\u00e1s en profundidad a trav\u00e9s de visitas con cita previa, siempre manteniendo las normas de seguridad y en grupos peque\u00f1os.<\/p>\n<h2><strong>Asociaci\u00f3n de Armeria Eskola<\/strong><\/h2>\n<p>La Asociaci\u00f3n tambi\u00e9n ha sido \u00e1gil y ha sabido adaptarse r\u00e1pidamente a la situaci\u00f3n y a las necesidades del entorno. Hemos trabajado conjuntamente con las empresas en la definici\u00f3n de la estrategia \u00f3ptima de adaptaci\u00f3n. La Junta Directiva ha sido clave, aport\u00e1ndonos su visi\u00f3n sobre nuevas necesidades y \u00e1mbitos prioritarios en los que trabajar. A d\u00eda de hoy, la representatividad empresarial en la Junta es del 70%, lo que nos permite conocer de primera mano la realidad y adecuarnos a ella. Adem\u00e1s de reorientar los proyectos previstos para este a\u00f1o, hemos tenido que adaptar los \u00e1mbitos estrat\u00e9gicos en el que dise\u00f1ar proyectos para el 2021.<\/p>\n<p>Conocedores de las dificultades por las que est\u00e1n atravesando las empresas, hemos puesto en marcha un nuevo servicio de b\u00fasqueda de financiaci\u00f3n, asesoramiento y tramitaci\u00f3n de subvenciones. Este servicio de <strong>Gesti\u00f3n de Subvenciones<\/strong> est\u00e1 dirigida especialmente a micro-pymes, pymes y aut\u00f3nomos, de forma que prestamos un servicio llave en mano para ayudar a las empresas en el logro de sus objetivos.<\/p>\n<p>Y por \u00faltimo, el pago de las <strong>cuotas anuales de la asociaci\u00f3n<\/strong> ha sido otro de los temas que ha sido tratado con especial atenci\u00f3n. Hemos decidido aplazar el cobro de las cuotas anuales de los asociados exalumnos\/as hasta Septiembre.<\/p>\n<p>Para cualquier duda y\/\u00f3 disponer de m\u00e1s informaci\u00f3n estamos a disposici\u00f3n en el 943 20 32 44 o a trav\u00e9s del e.mail <strong><a href=\"mailto:elkartea@armeriaeskola.eus\"><u>elkartea@armeriaeskola.eus<\/u><\/a><\/strong><\/p>\n<p>&nbsp;<\/p>\n","protected":false},"excerpt":{"rendered":"<p>Como otros tantos organismos, empresas, comercios, etc., Armeria Eskola tambi\u00e9n ha tenido que adaptarse a la nueva realidad ocasionada por el COVID-19. El pasado 14 de marzo, ante el estado de alarma decretado por el Gobierno y teniendo en cuenta &hellip; <\/p>\n","protected":false},"author":1,"featured_media":14094,"comment_status":"open","ping_status":"open","sticky":false,"template":"","format":"standard","meta":{"_acf_changed":false,"rs_blank_template":"","rs_page_bg_color":"#ffffff","slide_template_v7":"","footnotes":""},"categories":[1],"tags":[],"class_list":["post-14093","post","type-post","status-publish","format-standard","has-post-thumbnail","hentry","category-noticias-categoria"],"acf":[],"yoast_head":"<!-- This site is optimized with the Yoast SEO plugin v27.4 - https:\/\/yoast.com\/product\/yoast-seo-wordpress\/ -->\n<title>Armeria Eskola y su Asociaci\u00f3n se adaptan a la nueva realidad. - Armeria Eskola<\/title>\n<meta name=\"robots\" content=\"index, follow, max-snippet:-1, max-image-preview:large, max-video-preview:-1\" \/>\n<link rel=\"canonical\" href=\"https:\/\/armeriaeskola.eus\/es\/armeria-eskola-y-su-asociacion-se-adaptan-a-la-nueva-realidad\/\" \/>\n<meta property=\"og:locale\" content=\"es_ES\" \/>\n<meta property=\"og:type\" content=\"article\" \/>\n<meta property=\"og:title\" content=\"Armeria Eskola y su Asociaci\u00f3n se adaptan a la nueva realidad. - Armeria Eskola\" \/>\n<meta property=\"og:description\" content=\"Como otros tantos organismos, empresas, comercios, etc., Armeria Eskola tambi\u00e9n ha tenido que adaptarse a la nueva realidad ocasionada por el COVID-19. El pasado 14 de marzo, ante el estado de alarma decretado por el Gobierno y teniendo en cuenta &hellip;\" \/>\n<meta property=\"og:url\" content=\"https:\/\/armeriaeskola.eus\/es\/armeria-eskola-y-su-asociacion-se-adaptan-a-la-nueva-realidad\/\" \/>\n<meta property=\"og:site_name\" content=\"Armeria Eskola\" \/>\n<meta property=\"article:publisher\" content=\"https:\/\/www.facebook.com\/armeriaeskola\" \/>\n<meta property=\"article:published_time\" content=\"2020-05-22T07:29:31+00:00\" \/>\n<meta property=\"article:modified_time\" content=\"2020-05-22T09:05:26+00:00\" \/>\n<meta property=\"og:image\" content=\"https:\/\/armeriaeskola.eus\/wp-content\/uploads\/2020\/05\/armeria-egoera-berria.jpg\" \/>\n\t<meta property=\"og:image:width\" content=\"1500\" \/>\n\t<meta property=\"og:image:height\" content=\"697\" \/>\n\t<meta property=\"og:image:type\" content=\"image\/jpeg\" \/>\n<meta name=\"author\" content=\"Armeria-Cioka\" \/>\n<meta name=\"twitter:card\" content=\"summary_large_image\" \/>\n<meta name=\"twitter:creator\" content=\"@ArmeriaEskola\" \/>\n<meta name=\"twitter:site\" content=\"@ArmeriaEskola\" \/>\n<meta name=\"twitter:label1\" content=\"Escrito por\" \/>\n\t<meta name=\"twitter:data1\" content=\"Armeria-Cioka\" \/>\n\t<meta name=\"twitter:label2\" content=\"Tiempo de lectura\" \/>\n\t<meta name=\"twitter:data2\" content=\"4 minutos\" \/>\n<script type=\"application\/ld+json\" class=\"yoast-schema-graph\">{\"@context\":\"https:\\\/\\\/schema.org\",\"@graph\":[{\"@type\":\"Article\",\"@id\":\"https:\\\/\\\/armeriaeskola.eus\\\/es\\\/armeria-eskola-y-su-asociacion-se-adaptan-a-la-nueva-realidad\\\/#article\",\"isPartOf\":{\"@id\":\"https:\\\/\\\/armeriaeskola.eus\\\/es\\\/armeria-eskola-y-su-asociacion-se-adaptan-a-la-nueva-realidad\\\/\"},\"author\":{\"name\":\"Armeria-Cioka\",\"@id\":\"https:\\\/\\\/armeriaeskola.eus\\\/#\\\/schema\\\/person\\\/12bd1822b674c9c22526d80897febde0\"},\"headline\":\"Armeria Eskola y su Asociaci\u00f3n se adaptan a la nueva realidad.\",\"datePublished\":\"2020-05-22T07:29:31+00:00\",\"dateModified\":\"2020-05-22T09:05:26+00:00\",\"mainEntityOfPage\":{\"@id\":\"https:\\\/\\\/armeriaeskola.eus\\\/es\\\/armeria-eskola-y-su-asociacion-se-adaptan-a-la-nueva-realidad\\\/\"},\"wordCount\":715,\"commentCount\":0,\"publisher\":{\"@id\":\"https:\\\/\\\/armeriaeskola.eus\\\/#organization\"},\"image\":{\"@id\":\"https:\\\/\\\/armeriaeskola.eus\\\/es\\\/armeria-eskola-y-su-asociacion-se-adaptan-a-la-nueva-realidad\\\/#primaryimage\"},\"thumbnailUrl\":\"https:\\\/\\\/armeriaeskola.eus\\\/wp-content\\\/uploads\\\/2020\\\/05\\\/armeria-egoera-berria.jpg\",\"articleSection\":[\"Noticias\"],\"inLanguage\":\"es\",\"potentialAction\":[{\"@type\":\"CommentAction\",\"name\":\"Comment\",\"target\":[\"https:\\\/\\\/armeriaeskola.eus\\\/es\\\/armeria-eskola-y-su-asociacion-se-adaptan-a-la-nueva-realidad\\\/#respond\"]}]},{\"@type\":\"WebPage\",\"@id\":\"https:\\\/\\\/armeriaeskola.eus\\\/es\\\/armeria-eskola-y-su-asociacion-se-adaptan-a-la-nueva-realidad\\\/\",\"url\":\"https:\\\/\\\/armeriaeskola.eus\\\/es\\\/armeria-eskola-y-su-asociacion-se-adaptan-a-la-nueva-realidad\\\/\",\"name\":\"Armeria Eskola y su Asociaci\u00f3n se adaptan a la nueva realidad. - Armeria Eskola\",\"isPartOf\":{\"@id\":\"https:\\\/\\\/armeriaeskola.eus\\\/#website\"},\"primaryImageOfPage\":{\"@id\":\"https:\\\/\\\/armeriaeskola.eus\\\/es\\\/armeria-eskola-y-su-asociacion-se-adaptan-a-la-nueva-realidad\\\/#primaryimage\"},\"image\":{\"@id\":\"https:\\\/\\\/armeriaeskola.eus\\\/es\\\/armeria-eskola-y-su-asociacion-se-adaptan-a-la-nueva-realidad\\\/#primaryimage\"},\"thumbnailUrl\":\"https:\\\/\\\/armeriaeskola.eus\\\/wp-content\\\/uploads\\\/2020\\\/05\\\/armeria-egoera-berria.jpg\",\"datePublished\":\"2020-05-22T07:29:31+00:00\",\"dateModified\":\"2020-05-22T09:05:26+00:00\",\"breadcrumb\":{\"@id\":\"https:\\\/\\\/armeriaeskola.eus\\\/es\\\/armeria-eskola-y-su-asociacion-se-adaptan-a-la-nueva-realidad\\\/#breadcrumb\"},\"inLanguage\":\"es\",\"potentialAction\":[{\"@type\":\"ReadAction\",\"target\":[\"https:\\\/\\\/armeriaeskola.eus\\\/es\\\/armeria-eskola-y-su-asociacion-se-adaptan-a-la-nueva-realidad\\\/\"]}]},{\"@type\":\"ImageObject\",\"inLanguage\":\"es\",\"@id\":\"https:\\\/\\\/armeriaeskola.eus\\\/es\\\/armeria-eskola-y-su-asociacion-se-adaptan-a-la-nueva-realidad\\\/#primaryimage\",\"url\":\"https:\\\/\\\/armeriaeskola.eus\\\/wp-content\\\/uploads\\\/2020\\\/05\\\/armeria-egoera-berria.jpg\",\"contentUrl\":\"https:\\\/\\\/armeriaeskola.eus\\\/wp-content\\\/uploads\\\/2020\\\/05\\\/armeria-egoera-berria.jpg\",\"width\":1500,\"height\":697},{\"@type\":\"BreadcrumbList\",\"@id\":\"https:\\\/\\\/armeriaeskola.eus\\\/es\\\/armeria-eskola-y-su-asociacion-se-adaptan-a-la-nueva-realidad\\\/#breadcrumb\",\"itemListElement\":[{\"@type\":\"ListItem\",\"position\":1,\"name\":\"Portada\",\"item\":\"https:\\\/\\\/armeriaeskola.eus\\\/es\\\/\"},{\"@type\":\"ListItem\",\"position\":2,\"name\":\"Armeria Eskola y su Asociaci\u00f3n se adaptan a la nueva realidad.\"}]},{\"@type\":\"WebSite\",\"@id\":\"https:\\\/\\\/armeriaeskola.eus\\\/#website\",\"url\":\"https:\\\/\\\/armeriaeskola.eus\\\/\",\"name\":\"Armeria Eskola\",\"description\":\"Centro Integral P\u00fablico de Formaci\u00f3n Profesional\",\"publisher\":{\"@id\":\"https:\\\/\\\/armeriaeskola.eus\\\/#organization\"},\"potentialAction\":[{\"@type\":\"SearchAction\",\"target\":{\"@type\":\"EntryPoint\",\"urlTemplate\":\"https:\\\/\\\/armeriaeskola.eus\\\/?s={search_term_string}\"},\"query-input\":{\"@type\":\"PropertyValueSpecification\",\"valueRequired\":true,\"valueName\":\"search_term_string\"}}],\"inLanguage\":\"es\"},{\"@type\":\"Organization\",\"@id\":\"https:\\\/\\\/armeriaeskola.eus\\\/#organization\",\"name\":\"Armeria Eskola\",\"url\":\"https:\\\/\\\/armeriaeskola.eus\\\/\",\"logo\":{\"@type\":\"ImageObject\",\"inLanguage\":\"es\",\"@id\":\"https:\\\/\\\/armeriaeskola.eus\\\/#\\\/schema\\\/logo\\\/image\\\/\",\"url\":\"https:\\\/\\\/armeriaeskola.eus\\\/wp-content\\\/uploads\\\/armeria-eskola-youtube1.jpg\",\"contentUrl\":\"https:\\\/\\\/armeriaeskola.eus\\\/wp-content\\\/uploads\\\/armeria-eskola-youtube1.jpg\",\"width\":1000,\"height\":501,\"caption\":\"Armeria Eskola\"},\"image\":{\"@id\":\"https:\\\/\\\/armeriaeskola.eus\\\/#\\\/schema\\\/logo\\\/image\\\/\"},\"sameAs\":[\"https:\\\/\\\/www.facebook.com\\\/armeriaeskola\",\"https:\\\/\\\/x.com\\\/ArmeriaEskola\",\"https:\\\/\\\/www.instagram.com\\\/armeriaeskola\\\/\",\"https:\\\/\\\/www.linkedin.com\\\/company\\\/asociaciondearmeriaeskola\\\/\",\"https:\\\/\\\/www.youtube.com\\\/user\\\/100armeriaeskola\"]},{\"@type\":\"Person\",\"@id\":\"https:\\\/\\\/armeriaeskola.eus\\\/#\\\/schema\\\/person\\\/12bd1822b674c9c22526d80897febde0\",\"name\":\"Armeria-Cioka\",\"image\":{\"@type\":\"ImageObject\",\"inLanguage\":\"es\",\"@id\":\"https:\\\/\\\/secure.gravatar.com\\\/avatar\\\/49264439afda6a40b54be522795821a65d80412b21e2da26348e7d399dc2f788?s=96&d=mm&r=g\",\"url\":\"https:\\\/\\\/secure.gravatar.com\\\/avatar\\\/49264439afda6a40b54be522795821a65d80412b21e2da26348e7d399dc2f788?s=96&d=mm&r=g\",\"contentUrl\":\"https:\\\/\\\/secure.gravatar.com\\\/avatar\\\/49264439afda6a40b54be522795821a65d80412b21e2da26348e7d399dc2f788?s=96&d=mm&r=g\",\"caption\":\"Armeria-Cioka\"}}]}<\/script>\n<!-- \/ Yoast SEO plugin. -->","yoast_head_json":{"title":"Armeria Eskola y su Asociaci\u00f3n se adaptan a la nueva realidad. - Armeria Eskola","robots":{"index":"index","follow":"follow","max-snippet":"max-snippet:-1","max-image-preview":"max-image-preview:large","max-video-preview":"max-video-preview:-1"},"canonical":"https:\/\/armeriaeskola.eus\/es\/armeria-eskola-y-su-asociacion-se-adaptan-a-la-nueva-realidad\/","og_locale":"es_ES","og_type":"article","og_title":"Armeria Eskola y su Asociaci\u00f3n se adaptan a la nueva realidad. - Armeria Eskola","og_description":"Como otros tantos organismos, empresas, comercios, etc., Armeria Eskola tambi\u00e9n ha tenido que adaptarse a la nueva realidad ocasionada por el COVID-19. El pasado 14 de marzo, ante el estado de alarma decretado por el Gobierno y teniendo en cuenta &hellip;","og_url":"https:\/\/armeriaeskola.eus\/es\/armeria-eskola-y-su-asociacion-se-adaptan-a-la-nueva-realidad\/","og_site_name":"Armeria Eskola","article_publisher":"https:\/\/www.facebook.com\/armeriaeskola","article_published_time":"2020-05-22T07:29:31+00:00","article_modified_time":"2020-05-22T09:05:26+00:00","og_image":[{"width":1500,"height":697,"url":"https:\/\/armeriaeskola.eus\/wp-content\/uploads\/2020\/05\/armeria-egoera-berria.jpg","type":"image\/jpeg"}],"author":"Armeria-Cioka","twitter_card":"summary_large_image","twitter_creator":"@ArmeriaEskola","twitter_site":"@ArmeriaEskola","twitter_misc":{"Escrito por":"Armeria-Cioka","Tiempo de lectura":"4 minutos"},"schema":{"@context":"https:\/\/schema.org","@graph":[{"@type":"Article","@id":"https:\/\/armeriaeskola.eus\/es\/armeria-eskola-y-su-asociacion-se-adaptan-a-la-nueva-realidad\/#article","isPartOf":{"@id":"https:\/\/armeriaeskola.eus\/es\/armeria-eskola-y-su-asociacion-se-adaptan-a-la-nueva-realidad\/"},"author":{"name":"Armeria-Cioka","@id":"https:\/\/armeriaeskola.eus\/#\/schema\/person\/12bd1822b674c9c22526d80897febde0"},"headline":"Armeria Eskola y su Asociaci\u00f3n se adaptan a la nueva realidad.","datePublished":"2020-05-22T07:29:31+00:00","dateModified":"2020-05-22T09:05:26+00:00","mainEntityOfPage":{"@id":"https:\/\/armeriaeskola.eus\/es\/armeria-eskola-y-su-asociacion-se-adaptan-a-la-nueva-realidad\/"},"wordCount":715,"commentCount":0,"publisher":{"@id":"https:\/\/armeriaeskola.eus\/#organization"},"image":{"@id":"https:\/\/armeriaeskola.eus\/es\/armeria-eskola-y-su-asociacion-se-adaptan-a-la-nueva-realidad\/#primaryimage"},"thumbnailUrl":"https:\/\/armeriaeskola.eus\/wp-content\/uploads\/2020\/05\/armeria-egoera-berria.jpg","articleSection":["Noticias"],"inLanguage":"es","potentialAction":[{"@type":"CommentAction","name":"Comment","target":["https:\/\/armeriaeskola.eus\/es\/armeria-eskola-y-su-asociacion-se-adaptan-a-la-nueva-realidad\/#respond"]}]},{"@type":"WebPage","@id":"https:\/\/armeriaeskola.eus\/es\/armeria-eskola-y-su-asociacion-se-adaptan-a-la-nueva-realidad\/","url":"https:\/\/armeriaeskola.eus\/es\/armeria-eskola-y-su-asociacion-se-adaptan-a-la-nueva-realidad\/","name":"Armeria Eskola y su Asociaci\u00f3n se adaptan a la nueva realidad. - Armeria Eskola","isPartOf":{"@id":"https:\/\/armeriaeskola.eus\/#website"},"primaryImageOfPage":{"@id":"https:\/\/armeriaeskola.eus\/es\/armeria-eskola-y-su-asociacion-se-adaptan-a-la-nueva-realidad\/#primaryimage"},"image":{"@id":"https:\/\/armeriaeskola.eus\/es\/armeria-eskola-y-su-asociacion-se-adaptan-a-la-nueva-realidad\/#primaryimage"},"thumbnailUrl":"https:\/\/armeriaeskola.eus\/wp-content\/uploads\/2020\/05\/armeria-egoera-berria.jpg","datePublished":"2020-05-22T07:29:31+00:00","dateModified":"2020-05-22T09:05:26+00:00","breadcrumb":{"@id":"https:\/\/armeriaeskola.eus\/es\/armeria-eskola-y-su-asociacion-se-adaptan-a-la-nueva-realidad\/#breadcrumb"},"inLanguage":"es","potentialAction":[{"@type":"ReadAction","target":["https:\/\/armeriaeskola.eus\/es\/armeria-eskola-y-su-asociacion-se-adaptan-a-la-nueva-realidad\/"]}]},{"@type":"ImageObject","inLanguage":"es","@id":"https:\/\/armeriaeskola.eus\/es\/armeria-eskola-y-su-asociacion-se-adaptan-a-la-nueva-realidad\/#primaryimage","url":"https:\/\/armeriaeskola.eus\/wp-content\/uploads\/2020\/05\/armeria-egoera-berria.jpg","contentUrl":"https:\/\/armeriaeskola.eus\/wp-content\/uploads\/2020\/05\/armeria-egoera-berria.jpg","width":1500,"height":697},{"@type":"BreadcrumbList","@id":"https:\/\/armeriaeskola.eus\/es\/armeria-eskola-y-su-asociacion-se-adaptan-a-la-nueva-realidad\/#breadcrumb","itemListElement":[{"@type":"ListItem","position":1,"name":"Portada","item":"https:\/\/armeriaeskola.eus\/es\/"},{"@type":"ListItem","position":2,"name":"Armeria Eskola y su Asociaci\u00f3n se adaptan a la nueva realidad."}]},{"@type":"WebSite","@id":"https:\/\/armeriaeskola.eus\/#website","url":"https:\/\/armeriaeskola.eus\/","name":"Armeria Eskola","description":"Centro Integral P\u00fablico de Formaci\u00f3n Profesional","publisher":{"@id":"https:\/\/armeriaeskola.eus\/#organization"},"potentialAction":[{"@type":"SearchAction","target":{"@type":"EntryPoint","urlTemplate":"https:\/\/armeriaeskola.eus\/?s={search_term_string}"},"query-input":{"@type":"PropertyValueSpecification","valueRequired":true,"valueName":"search_term_string"}}],"inLanguage":"es"},{"@type":"Organization","@id":"https:\/\/armeriaeskola.eus\/#organization","name":"Armeria Eskola","url":"https:\/\/armeriaeskola.eus\/","logo":{"@type":"ImageObject","inLanguage":"es","@id":"https:\/\/armeriaeskola.eus\/#\/schema\/logo\/image\/","url":"https:\/\/armeriaeskola.eus\/wp-content\/uploads\/armeria-eskola-youtube1.jpg","contentUrl":"https:\/\/armeriaeskola.eus\/wp-content\/uploads\/armeria-eskola-youtube1.jpg","width":1000,"height":501,"caption":"Armeria Eskola"},"image":{"@id":"https:\/\/armeriaeskola.eus\/#\/schema\/logo\/image\/"},"sameAs":["https:\/\/www.facebook.com\/armeriaeskola","https:\/\/x.com\/ArmeriaEskola","https:\/\/www.instagram.com\/armeriaeskola\/","https:\/\/www.linkedin.com\/company\/asociaciondearmeriaeskola\/","https:\/\/www.youtube.com\/user\/100armeriaeskola"]},{"@type":"Person","@id":"https:\/\/armeriaeskola.eus\/#\/schema\/person\/12bd1822b674c9c22526d80897febde0","name":"Armeria-Cioka","image":{"@type":"ImageObject","inLanguage":"es","@id":"https:\/\/secure.gravatar.com\/avatar\/49264439afda6a40b54be522795821a65d80412b21e2da26348e7d399dc2f788?s=96&d=mm&r=g","url":"https:\/\/secure.gravatar.com\/avatar\/49264439afda6a40b54be522795821a65d80412b21e2da26348e7d399dc2f788?s=96&d=mm&r=g","contentUrl":"https:\/\/secure.gravatar.com\/avatar\/49264439afda6a40b54be522795821a65d80412b21e2da26348e7d399dc2f788?s=96&d=mm&r=g","caption":"Armeria-Cioka"}}]}},"_links":{"self":[{"href":"https:\/\/armeriaeskola.eus\/es\/wp-json\/wp\/v2\/posts\/14093","targetHints":{"allow":["GET"]}}],"collection":[{"href":"https:\/\/armeriaeskola.eus\/es\/wp-json\/wp\/v2\/posts"}],"about":[{"href":"https:\/\/armeriaeskola.eus\/es\/wp-json\/wp\/v2\/types\/post"}],"author":[{"embeddable":true,"href":"https:\/\/armeriaeskola.eus\/es\/wp-json\/wp\/v2\/users\/1"}],"replies":[{"embeddable":true,"href":"https:\/\/armeriaeskola.eus\/es\/wp-json\/wp\/v2\/comments?post=14093"}],"version-history":[{"count":0,"href":"https:\/\/armeriaeskola.eus\/es\/wp-json\/wp\/v2\/posts\/14093\/revisions"}],"wp:featuredmedia":[{"embeddable":true,"href":"https:\/\/armeriaeskola.eus\/es\/wp-json\/wp\/v2\/media\/14094"}],"wp:attachment":[{"href":"https:\/\/armeriaeskola.eus\/es\/wp-json\/wp\/v2\/media?parent=14093"}],"wp:term":[{"taxonomy":"category","embeddable":true,"href":"https:\/\/armeriaeskola.eus\/es\/wp-json\/wp\/v2\/categories?post=14093"},{"taxonomy":"post_tag","embeddable":true,"href":"https:\/\/armeriaeskola.eus\/es\/wp-json\/wp\/v2\/tags?post=14093"}],"curies":[{"name":"wp","href":"https:\/\/api.w.org\/{rel}","templated":true}]}}